{"id":5542,"date":"2025-06-27T13:44:39","date_gmt":"2025-06-27T17:44:39","guid":{"rendered":"https:\/\/mayralapaz.com\/?p=5542"},"modified":"2025-06-27T13:44:41","modified_gmt":"2025-06-27T17:44:41","slug":"continuan-dialogo-sobre-crisis-de-haiti","status":"publish","type":"post","link":"https:\/\/mayralapaz.com\/index.php\/2025\/06\/27\/continuan-dialogo-sobre-crisis-de-haiti\/","title":{"rendered":"Continuan di\u00e1logo sobre crisis de Hait\u00ed"},"content":{"rendered":"\n<p>El presidente Luis Abinader y el exmandario Danilo Medina se reunieron este jueves para tratar sobre la crisis de Hait\u00ed, un pa\u00eds del que el jefe de Estado pidi\u00f3 que no se olvide la comunidad internacional.<\/p>\n\n\n\n<p>\u00abEn cualquier foro internacional manifestamos nuestra preocupaci\u00f3n para que la comunidad internacional no se termine de olvidar de Hait\u00ed porque es un tema que, como dominicanos, somos el pa\u00eds en el que m\u00e1s impacta esa crisis\u00bb, dijo Abinader en una comparecencia conjunta ante los medios al t\u00e9rmino del encuentro celebrado durante casi dos horas en la Casa Presidencial del Partido de la Liberaci\u00f3n Dominicana (PLD).<\/p>\n\n\n\n<p><strong>TEMAS&nbsp; DE LA REUNION<\/strong><\/p>\n\n\n\n<p>Abinader explic\u00f3 que en la reuni\u00f3n se dio seguimiento a la situaci\u00f3n y la crisis de Hait\u00ed, aunque, indic\u00f3, tambi\u00e9n se abordaron temas nacionales, \u00abque nunca se escapan\u00bb.<\/p>\n\n\n\n<p>En la conversaci\u00f3n se trat\u00f3 de las acciones desarrolladas en la Organizaci\u00f3n de los Estados Americanos (OEA) y la ONU, entre otras instituciones, as\u00ed como de la Misi\u00f3n Multinacional de Apoyo a la Seguridad (MSS), que encabeza Hait\u00ed y cuyo primer aniversario se cumple estos d\u00edas.<\/p>\n\n\n\n<p>Otro asunto fue el de las proyecciones sobre la crisis haitiana que se tienen para el resto del a\u00f1o y a mediano plazo.<\/p>\n\n\n\n<p><strong>HA CONVERSADO CON LIDERES INTERNACIONALES<\/strong><\/p>\n\n\n\n<p>Abinader record\u00f3 que de esa \u00absituaci\u00f3n delicada\u00bb ha hablado con l\u00edderes internacionales, como por ejemplo durante su reciente estancia en Francia con el presidente de ese pa\u00eds, Emmanuel Macron, o con su hom\u00f3logo brasile\u00f1o, Luiz In\u00e1cio Lula da Silva, durante la conferencia Brasil-Caribe recientemente celebrada.<\/p>\n\n\n\n<p>La reuni\u00f3n con Medina se enmarca en los compromisos asumidos durante la reuni\u00f3n con los expresidentes en el Ministerio de Defensa para tratar la crisis haitiana y se inscribe dentro del proceso de consultas bilaterales que el mandatario ha iniciado con los exjefes de Estado, a fin de abordar de manera conjunta la situaci\u00f3n en el vecino pa\u00eds y sus implicaciones en Rep\u00fablica Dominicana.<\/p>\n\n\n\n<p><strong>REUNION CON LEONEL FERNANDEZ<\/strong><\/p>\n\n\n\n<p>Est\u00e1 previsto que la pr\u00f3xima semana Abinader se re\u00fana tambi\u00e9n con el expresidente Leonel Fern\u00e1ndez.<\/p>\n\n\n\n<p>El Consejo Econ\u00f3mico y Social (CES) ya ha habilitado las seis mesas tem\u00e1ticas del \u00abDi\u00e1logo sobre la crisis haitiana y sus implicaciones para Rep\u00fablica Dominicana\u00bb, acordado por Abinader, Medina, Fern\u00e1ndez e Hip\u00f3lito Mej\u00eda, sobre migraci\u00f3n, comercio bilateral, desarrollo de comunidades fronterizas, seguridad nacional, relaciones internacionales y asuntos laborales.<\/p>\n\n\n\n<p>Comparte en tus redes.<\/p>\n","protected":false},"excerpt":{"rendered":"El presidente Luis Abinader y el exmandario Danilo Medina se reunieron este jueves para tratar sobre la crisis de Hait\u00ed, un pa\u00eds del que el jefe de Estado pidi\u00f3 que no se olvide la comunidad internacional. \u00abEn cualquier foro internacional manifestamos nuestra preocupaci\u00f3n para que la comunidad internacional no se termine de olvidar de Hait\u00ed [&hellip;]","protected":false},"author":6,"featured_media":5543,"comment_status":"open","ping_status":"open","sticky":false,"template":"","format":"standard","meta":{"_uag_custom_page_level_css":"","episode_type":"audio","audio_file":"","podmotor_file_id":"","podmotor_episode_id":"","cover_image":"","cover_image_id":"","duration":"","filesize":"","filesize_raw":"","date_recorded":"","explicit":"","block":"","itunes_episode_number":"","itunes_title":"","itunes_season_number":"","itunes_episode_type":"","_jet_sm_ready_style":"","_jet_sm_style":"","_jet_sm_controls_values":"","_jet_sm_fonts_collection":"","_jet_sm_fonts_links":"","_joinchat":[],"footnotes":""},"categories":[35],"tags":[],"series":[],"class_list":["post-5542","post","type-post","status-publish","format-standard","has-post-thumbnail","hentry","category-que-pasa-rd"],"blocksy_meta":[],"episode_featured_image":"https:\/\/mayralapaz.com\/wp-content\/uploads\/2025\/06\/abinader-y-danilo.jpeg","episode_player_image":"https:\/\/mayralapaz.com\/wp-content\/plugins\/seriously-simple-podcasting\/assets\/images\/no-album-art.png","download_link":"","player_link":"","audio_player":false,"episode_data":{"playerMode":"light","subscribeUrls":{"apple_podcasts":{"key":"apple_podcasts","url":"","label":"Apple Podcasts","class":"apple_podcasts","icon":"apple-podcasts.png"},"stitcher":{"key":"stitcher","url":"","label":"Stitcher","class":"stitcher","icon":"stitcher.png"},"google_podcasts":{"key":"google_podcasts","url":"","label":"Google Podcasts","class":"google_podcasts","icon":"google-podcasts.png"},"spotify":{"key":"spotify","url":"","label":"Spotify","class":"spotify","icon":"spotify.png"}},"rssFeedUrl":"https:\/\/mayralapaz.com\/feed\/podcast\/mayra-la-paz","embedCode":"<blockquote class=\"wp-embedded-content\" data-secret=\"O4VM83evqE\"><a href=\"https:\/\/mayralapaz.com\/index.php\/2025\/06\/27\/continuan-dialogo-sobre-crisis-de-haiti\/\">Continuan di\u00e1logo sobre crisis de Hait\u00ed<\/a><\/blockquote><iframe sandbox=\"allow-scripts\" security=\"restricted\" src=\"https:\/\/mayralapaz.com\/index.php\/2025\/06\/27\/continuan-dialogo-sobre-crisis-de-haiti\/embed\/#?secret=O4VM83evqE\" width=\"500\" height=\"350\" title=\"\u00abContinuan di\u00e1logo sobre crisis de Hait\u00ed\u00bb \u2014 Mayra La Paz\" data-secret=\"O4VM83evqE\" frameborder=\"0\" marginwidth=\"0\" marginheight=\"0\" scrolling=\"no\" class=\"wp-embedded-content\"><\/iframe><script>\n\/*! This file is auto-generated *\/\n!function(d,l){\"use strict\";l.querySelector&&d.addEventListener&&\"undefined\"!=typeof URL&&(d.wp=d.wp||{},d.wp.receiveEmbedMessage||(d.wp.receiveEmbedMessage=function(e){var t=e.data;if((t||t.secret||t.message||t.value)&&!\/[^a-zA-Z0-9]\/.test(t.secret)){for(var s,r,n,a=l.querySelectorAll('iframe[data-secret=\"'+t.secret+'\"]'),o=l.querySelectorAll('blockquote[data-secret=\"'+t.secret+'\"]'),c=new RegExp(\"^https?:$\",\"i\"),i=0;i<o.length;i++)o[i].style.display=\"none\";for(i=0;i<a.length;i++)s=a[i],e.source===s.contentWindow&&(s.removeAttribute(\"style\"),\"height\"===t.message?(1e3<(r=parseInt(t.value,10))?r=1e3:~~r<200&&(r=200),s.height=r):\"link\"===t.message&&(r=new URL(s.getAttribute(\"src\")),n=new URL(t.value),c.test(n.protocol))&&n.host===r.host&&l.activeElement===s&&(d.top.location.href=t.value))}},d.addEventListener(\"message\",d.wp.receiveEmbedMessage,!1),l.addEventListener(\"DOMContentLoaded\",function(){for(var e,t,s=l.querySelectorAll(\"iframe.wp-embedded-content\"),r=0;r<s.length;r++)(t=(e=s[r]).getAttribute(\"data-secret\"))||(t=Math.random().toString(36).substring(2,12),e.src+=\"#?secret=\"+t,e.setAttribute(\"data-secret\",t)),e.contentWindow.postMessage({message:\"ready\",secret:t},\"*\")},!1)))}(window,document);\n<\/script>\n"},"uagb_featured_image_src":{"full":["https:\/\/mayralapaz.com\/wp-content\/uploads\/2025\/06\/abinader-y-danilo.jpeg",1200,800,false],"thumbnail":["https:\/\/mayralapaz.com\/wp-content\/uploads\/2025\/06\/abinader-y-danilo-250x250.jpeg",250,250,true],"medium":["https:\/\/mayralapaz.com\/wp-content\/uploads\/2025\/06\/abinader-y-danilo-300x200.jpeg",300,200,true],"medium_large":["https:\/\/mayralapaz.com\/wp-content\/uploads\/2025\/06\/abinader-y-danilo-768x512.jpeg",768,512,true],"large":["https:\/\/mayralapaz.com\/wp-content\/uploads\/2025\/06\/abinader-y-danilo-1024x683.jpeg",1024,683,true],"1536x1536":["https:\/\/mayralapaz.com\/wp-content\/uploads\/2025\/06\/abinader-y-danilo.jpeg",1200,800,false],"2048x2048":["https:\/\/mayralapaz.com\/wp-content\/uploads\/2025\/06\/abinader-y-danilo.jpeg",1200,800,false],"woocommerce_archive_thumbnail":["https:\/\/mayralapaz.com\/wp-content\/uploads\/2025\/06\/abinader-y-danilo-500x500.jpeg",500,500,true],"woocommerce_thumbnail":["https:\/\/mayralapaz.com\/wp-content\/uploads\/2025\/06\/abinader-y-danilo-300x300.jpeg",300,300,true],"woocommerce_single":["https:\/\/mayralapaz.com\/wp-content\/uploads\/2025\/06\/abinader-y-danilo-600x400.jpeg",600,400,true],"woocommerce_gallery_thumbnail":["https:\/\/mayralapaz.com\/wp-content\/uploads\/2025\/06\/abinader-y-danilo-100x100.jpeg",100,100,true]},"uagb_author_info":{"display_name":"Por la Redacci\u00f3n","author_link":"https:\/\/mayralapaz.com\/index.php\/author\/mayra\/"},"uagb_comment_info":5,"uagb_excerpt":"El presidente Luis Abinader y el exmandario Danilo Medina se reunieron este jueves para tratar sobre la crisis de Hait\u00ed, un pa\u00eds del que el jefe de Estado pidi\u00f3 que no se olvide la comunidad internacional. \u00abEn cualquier foro internacional manifestamos nuestra preocupaci\u00f3n para que la comunidad internacional no se termine de olvidar de Hait\u00ed&hellip;","_links":{"self":[{"href":"https:\/\/mayralapaz.com\/index.php\/wp-json\/wp\/v2\/posts\/5542","targetHints":{"allow":["GET"]}}],"collection":[{"href":"https:\/\/mayralapaz.com\/index.php\/wp-json\/wp\/v2\/posts"}],"about":[{"href":"https:\/\/mayralapaz.com\/index.php\/wp-json\/wp\/v2\/types\/post"}],"author":[{"embeddable":true,"href":"https:\/\/mayralapaz.com\/index.php\/wp-json\/wp\/v2\/users\/6"}],"replies":[{"embeddable":true,"href":"https:\/\/mayralapaz.com\/index.php\/wp-json\/wp\/v2\/comments?post=5542"}],"version-history":[{"count":1,"href":"https:\/\/mayralapaz.com\/index.php\/wp-json\/wp\/v2\/posts\/5542\/revisions"}],"predecessor-version":[{"id":5544,"href":"https:\/\/mayralapaz.com\/index.php\/wp-json\/wp\/v2\/posts\/5542\/revisions\/5544"}],"wp:featuredmedia":[{"embeddable":true,"href":"https:\/\/mayralapaz.com\/index.php\/wp-json\/wp\/v2\/media\/5543"}],"wp:attachment":[{"href":"https:\/\/mayralapaz.com\/index.php\/wp-json\/wp\/v2\/media?parent=5542"}],"wp:term":[{"taxonomy":"category","embeddable":true,"href":"https:\/\/mayralapaz.com\/index.php\/wp-json\/wp\/v2\/categories?post=5542"},{"taxonomy":"post_tag","embeddable":true,"href":"https:\/\/mayralapaz.com\/index.php\/wp-json\/wp\/v2\/tags?post=5542"},{"taxonomy":"series","embeddable":true,"href":"https:\/\/mayralapaz.com\/index.php\/wp-json\/wp\/v2\/series?post=5542"}],"curies":[{"name":"wp","href":"https:\/\/api.w.org\/{rel}","templated":true}]}}