{"id":5539,"date":"2025-06-27T13:42:20","date_gmt":"2025-06-27T17:42:20","guid":{"rendered":"https:\/\/mayralapaz.com\/?p=5539"},"modified":"2025-06-27T13:42:22","modified_gmt":"2025-06-27T17:42:22","slug":"consejo-de-ministros-aprueba-la-politica-presupuestaria-de-2026","status":"publish","type":"post","link":"https:\/\/mayralapaz.com\/index.php\/2025\/06\/27\/consejo-de-ministros-aprueba-la-politica-presupuestaria-de-2026\/","title":{"rendered":"Consejo de Ministros aprueba la pol\u00edtica presupuestaria de 2026"},"content":{"rendered":"\n<p>El presidente Luis Abinader y la vicepresidenta Raquel Pe\u00f1a encabezaron este jueves la quincuag\u00e9sima reuni\u00f3n del Consejo de Ministros, en la que se aprob\u00f3 la pol\u00edtica presupuestaria anual correspondiente al 2026, en cumplimiento con lo establecido por la Ley Org\u00e1nica de Presupuesto.<\/p>\n\n\n\n<p>Durante el encuentro, tambi\u00e9n se evaluaron los avances de las metas priorizadas del cuatrienio 2024\u20132028, como parte de la tercera ronda de seguimiento a las pol\u00edticas p\u00fablicas prioritarias del Gobierno.<\/p>\n\n\n\n<p>Al t\u00e9rmino de la sesi\u00f3n, el ministro de la Presidencia, Jos\u00e9 Ignacio Paliza, present\u00f3 el informe en su calidad de secretario t\u00e9cnico del Consejo de Gobierno, celebrado en el Palacio Nacional.<\/p>\n\n\n\n<p>\u00abEste marco presupuestario fue formulado en apego a los lineamientos de la Ley de Responsabilidad Fiscal, orientado a preservar la sostenibilidad de las finanzas p\u00fablicas\u00bb, dijo.<\/p>\n\n\n\n<p><strong>CALIDAD DE VIDA DE LA POBLACION SER\u00c1 META PRIORITARIA&nbsp;<\/strong><\/p>\n\n\n\n<p>De acuerdo al ministro Paliza, el presupuesto del 2026 priorizar\u00e1 la continuidad de pol\u00edticas p\u00fablicas que impacten directamente en la calidad de vida de los ciudadanos, como la reforma de la Polic\u00eda Nacional, la mejora salarial del personal m\u00e9dico y el fortalecimiento de los servicios p\u00fablicos esenciales.<\/p>\n\n\n\n<p>Adem\u00e1s, se asignar\u00e1n recursos a la Junta Central Electoral para el desarrollo del nuevo proyecto de C\u00e9dula de Identidad y Electoral.<\/p>\n\n\n\n<p><strong>REVISI\u00d3N Y EFICIENCIA DEL GASTO<\/strong><\/p>\n\n\n\n<p>\u201cEl Gobierno continuar\u00e1 implementando, a trav\u00e9s del Ministerio de Hacienda, una pol\u00edtica de revisi\u00f3n y eficiencia del gasto, garantizando que cada peso invertido responda a las verdaderas necesidades de la ciudadan\u00eda y al cumplimiento de los objetivos nacionales\u201d, asegur\u00f3 Paliza.<\/p>\n\n\n\n<p>Mientras que, conforme a los avances logrados con las metas priorizadas, el funcionario destac\u00f3 que, en un contexto global marcado por la incertidumbre, la econom\u00eda dominicana sigue mostrando se\u00f1ales de fortaleza.<\/p>\n\n\n\n<p>Eso as\u00ed, dijo, debido a que el pa\u00eds mantiene un ritmo de crecimiento cercano al doble del promedio de Am\u00e9rica Latina, gracias a pilares s\u00f3lidos como el turismo, las exportaciones y una gesti\u00f3n responsable de las pol\u00edticas p\u00fablicas.<\/p>\n\n\n\n<p>comparte en tus redes sociales.<\/p>\n","protected":false},"excerpt":{"rendered":"El presidente Luis Abinader y la vicepresidenta Raquel Pe\u00f1a encabezaron este jueves la quincuag\u00e9sima reuni\u00f3n del Consejo de Ministros, en la que se aprob\u00f3 la pol\u00edtica presupuestaria anual correspondiente al 2026, en cumplimiento con lo establecido por la Ley Org\u00e1nica de Presupuesto. Durante el encuentro, tambi\u00e9n se evaluaron los avances de las metas priorizadas del [&hellip;]","protected":false},"author":6,"featured_media":5540,"comment_status":"open","ping_status":"open","sticky":false,"template":"","format":"standard","meta":{"_uag_custom_page_level_css":"","episode_type":"audio","audio_file":"","podmotor_file_id":"","podmotor_episode_id":"","cover_image":"","cover_image_id":"","duration":"","filesize":"","filesize_raw":"","date_recorded":"","explicit":"","block":"","itunes_episode_number":"","itunes_title":"","itunes_season_number":"","itunes_episode_type":"","_jet_sm_ready_style":"","_jet_sm_style":"","_jet_sm_controls_values":"","_jet_sm_fonts_collection":"","_jet_sm_fonts_links":"","_joinchat":[],"footnotes":""},"categories":[35],"tags":[],"series":[],"class_list":["post-5539","post","type-post","status-publish","format-standard","has-post-thumbnail","hentry","category-que-pasa-rd"],"blocksy_meta":[],"episode_featured_image":"https:\/\/mayralapaz.com\/wp-content\/uploads\/2025\/06\/Consejo-de-Gobierno-scaled-1.jpg","episode_player_image":"https:\/\/mayralapaz.com\/wp-content\/plugins\/seriously-simple-podcasting\/assets\/images\/no-album-art.png","download_link":"","player_link":"","audio_player":false,"episode_data":{"playerMode":"light","subscribeUrls":{"apple_podcasts":{"key":"apple_podcasts","url":"","label":"Apple Podcasts","class":"apple_podcasts","icon":"apple-podcasts.png"},"stitcher":{"key":"stitcher","url":"","label":"Stitcher","class":"stitcher","icon":"stitcher.png"},"google_podcasts":{"key":"google_podcasts","url":"","label":"Google Podcasts","class":"google_podcasts","icon":"google-podcasts.png"},"spotify":{"key":"spotify","url":"","label":"Spotify","class":"spotify","icon":"spotify.png"}},"rssFeedUrl":"https:\/\/mayralapaz.com\/feed\/podcast\/mayra-la-paz","embedCode":"<blockquote class=\"wp-embedded-content\" data-secret=\"CIssWiIQub\"><a href=\"https:\/\/mayralapaz.com\/index.php\/2025\/06\/27\/consejo-de-ministros-aprueba-la-politica-presupuestaria-de-2026\/\">Consejo de Ministros aprueba la pol\u00edtica presupuestaria de 2026<\/a><\/blockquote><iframe sandbox=\"allow-scripts\" security=\"restricted\" src=\"https:\/\/mayralapaz.com\/index.php\/2025\/06\/27\/consejo-de-ministros-aprueba-la-politica-presupuestaria-de-2026\/embed\/#?secret=CIssWiIQub\" width=\"500\" height=\"350\" title=\"\u00abConsejo de Ministros aprueba la pol\u00edtica presupuestaria de 2026\u00bb \u2014 Mayra La Paz\" data-secret=\"CIssWiIQub\" frameborder=\"0\" marginwidth=\"0\" marginheight=\"0\" scrolling=\"no\" class=\"wp-embedded-content\"><\/iframe><script>\n\/*! This file is auto-generated *\/\n!function(d,l){\"use strict\";l.querySelector&&d.addEventListener&&\"undefined\"!=typeof URL&&(d.wp=d.wp||{},d.wp.receiveEmbedMessage||(d.wp.receiveEmbedMessage=function(e){var t=e.data;if((t||t.secret||t.message||t.value)&&!\/[^a-zA-Z0-9]\/.test(t.secret)){for(var s,r,n,a=l.querySelectorAll('iframe[data-secret=\"'+t.secret+'\"]'),o=l.querySelectorAll('blockquote[data-secret=\"'+t.secret+'\"]'),c=new RegExp(\"^https?:$\",\"i\"),i=0;i<o.length;i++)o[i].style.display=\"none\";for(i=0;i<a.length;i++)s=a[i],e.source===s.contentWindow&&(s.removeAttribute(\"style\"),\"height\"===t.message?(1e3<(r=parseInt(t.value,10))?r=1e3:~~r<200&&(r=200),s.height=r):\"link\"===t.message&&(r=new URL(s.getAttribute(\"src\")),n=new URL(t.value),c.test(n.protocol))&&n.host===r.host&&l.activeElement===s&&(d.top.location.href=t.value))}},d.addEventListener(\"message\",d.wp.receiveEmbedMessage,!1),l.addEventListener(\"DOMContentLoaded\",function(){for(var e,t,s=l.querySelectorAll(\"iframe.wp-embedded-content\"),r=0;r<s.length;r++)(t=(e=s[r]).getAttribute(\"data-secret\"))||(t=Math.random().toString(36).substring(2,12),e.src+=\"#?secret=\"+t,e.setAttribute(\"data-secret\",t)),e.contentWindow.postMessage({message:\"ready\",secret:t},\"*\")},!1)))}(window,document);\n<\/script>\n"},"uagb_featured_image_src":{"full":["https:\/\/mayralapaz.com\/wp-content\/uploads\/2025\/06\/Consejo-de-Gobierno-scaled-1.jpg",1200,800,false],"thumbnail":["https:\/\/mayralapaz.com\/wp-content\/uploads\/2025\/06\/Consejo-de-Gobierno-scaled-1-250x250.jpg",250,250,true],"medium":["https:\/\/mayralapaz.com\/wp-content\/uploads\/2025\/06\/Consejo-de-Gobierno-scaled-1-300x200.jpg",300,200,true],"medium_large":["https:\/\/mayralapaz.com\/wp-content\/uploads\/2025\/06\/Consejo-de-Gobierno-scaled-1-768x512.jpg",768,512,true],"large":["https:\/\/mayralapaz.com\/wp-content\/uploads\/2025\/06\/Consejo-de-Gobierno-scaled-1-1024x683.jpg",1024,683,true],"1536x1536":["https:\/\/mayralapaz.com\/wp-content\/uploads\/2025\/06\/Consejo-de-Gobierno-scaled-1.jpg",1200,800,false],"2048x2048":["https:\/\/mayralapaz.com\/wp-content\/uploads\/2025\/06\/Consejo-de-Gobierno-scaled-1.jpg",1200,800,false],"woocommerce_archive_thumbnail":["https:\/\/mayralapaz.com\/wp-content\/uploads\/2025\/06\/Consejo-de-Gobierno-scaled-1-500x500.jpg",500,500,true],"woocommerce_thumbnail":["https:\/\/mayralapaz.com\/wp-content\/uploads\/2025\/06\/Consejo-de-Gobierno-scaled-1-300x300.jpg",300,300,true],"woocommerce_single":["https:\/\/mayralapaz.com\/wp-content\/uploads\/2025\/06\/Consejo-de-Gobierno-scaled-1-600x400.jpg",600,400,true],"woocommerce_gallery_thumbnail":["https:\/\/mayralapaz.com\/wp-content\/uploads\/2025\/06\/Consejo-de-Gobierno-scaled-1-100x100.jpg",100,100,true]},"uagb_author_info":{"display_name":"Por la Redacci\u00f3n","author_link":"https:\/\/mayralapaz.com\/index.php\/author\/mayra\/"},"uagb_comment_info":0,"uagb_excerpt":"El presidente Luis Abinader y la vicepresidenta Raquel Pe\u00f1a encabezaron este jueves la quincuag\u00e9sima reuni\u00f3n del Consejo de Ministros, en la que se aprob\u00f3 la pol\u00edtica presupuestaria anual correspondiente al 2026, en cumplimiento con lo establecido por la Ley Org\u00e1nica de Presupuesto. Durante el encuentro, tambi\u00e9n se evaluaron los avances de las metas priorizadas del&hellip;","_links":{"self":[{"href":"https:\/\/mayralapaz.com\/index.php\/wp-json\/wp\/v2\/posts\/5539","targetHints":{"allow":["GET"]}}],"collection":[{"href":"https:\/\/mayralapaz.com\/index.php\/wp-json\/wp\/v2\/posts"}],"about":[{"href":"https:\/\/mayralapaz.com\/index.php\/wp-json\/wp\/v2\/types\/post"}],"author":[{"embeddable":true,"href":"https:\/\/mayralapaz.com\/index.php\/wp-json\/wp\/v2\/users\/6"}],"replies":[{"embeddable":true,"href":"https:\/\/mayralapaz.com\/index.php\/wp-json\/wp\/v2\/comments?post=5539"}],"version-history":[{"count":1,"href":"https:\/\/mayralapaz.com\/index.php\/wp-json\/wp\/v2\/posts\/5539\/revisions"}],"predecessor-version":[{"id":5541,"href":"https:\/\/mayralapaz.com\/index.php\/wp-json\/wp\/v2\/posts\/5539\/revisions\/5541"}],"wp:featuredmedia":[{"embeddable":true,"href":"https:\/\/mayralapaz.com\/index.php\/wp-json\/wp\/v2\/media\/5540"}],"wp:attachment":[{"href":"https:\/\/mayralapaz.com\/index.php\/wp-json\/wp\/v2\/media?parent=5539"}],"wp:term":[{"taxonomy":"category","embeddable":true,"href":"https:\/\/mayralapaz.com\/index.php\/wp-json\/wp\/v2\/categories?post=5539"},{"taxonomy":"post_tag","embeddable":true,"href":"https:\/\/mayralapaz.com\/index.php\/wp-json\/wp\/v2\/tags?post=5539"},{"taxonomy":"series","embeddable":true,"href":"https:\/\/mayralapaz.com\/index.php\/wp-json\/wp\/v2\/series?post=5539"}],"curies":[{"name":"wp","href":"https:\/\/api.w.org\/{rel}","templated":true}]}}