{"id":5536,"date":"2025-06-27T13:38:33","date_gmt":"2025-06-27T17:38:33","guid":{"rendered":"https:\/\/mayralapaz.com\/?p=5536"},"modified":"2025-06-27T13:38:36","modified_gmt":"2025-06-27T17:38:36","slug":"presidente-scj-rd-expone-en-foro-mundial-de-justicia-en-polonia","status":"publish","type":"post","link":"https:\/\/mayralapaz.com\/index.php\/2025\/06\/27\/presidente-scj-rd-expone-en-foro-mundial-de-justicia-en-polonia\/","title":{"rendered":"Presidente SCJ RD expone en Foro Mundial de Justicia en POLONIA"},"content":{"rendered":"\n<p>Seg\u00fan expresa  Henry Molina, presidente de la Suprema Corte de Justicia (SCJ) de la Rep\u00fablica Dominicana.\u00a0La independencia judicial no se conserva sola, se cultiva, protege y se gana cada d\u00eda, lo que solo es posible gracias a instituciones comprometidas, liderazgos \u00e9ticos y sociedades que exigen justicia no solo para unos pocos, sino para todos.<\/p>\n\n\n\n<p>La mejor forma de defender la justicia es mediante transformaciones reales, con resultados tangibles y un enfoque claro: una justicia moderna, centrada en las personas\u201d, sostuvo aqu\u00ed Henry Molina, presidente de la Suprema Corte de Justicia (SCJ) de la Rep\u00fablica Dominicana.<\/p>\n\n\n\n<p>\u201cProteger y restaurar la independencia judicial exige m\u00e1s que marcos legales, sino demanda resultados que generen legitimidad, acceso real para todas las personas, \u00e9tica institucional viva y un di\u00e1logo abierto con la ciudadan\u00eda\u201d, declar\u00f3 Molina al participar en el panel&nbsp;<strong>\u201cSistemas de justicia bajo amenaza: c\u00f3mo se construye la resiliencia institucional\u201d<\/strong>, en el marco del Foro Mundial de Justicia 2025, organizado por el&nbsp;<em>World Justice Project<\/em>&nbsp;(WJP), que re\u00fane del 23 al 26 de junio para discutir y actuar sobre el Estado de Derecho y la justicia.<\/p>\n\n\n\n<p>Asegur\u00f3 que defender el Estado de Derecho es una batalla que se gana con acciones concretas, una lucha por recuperar la confianza de la ciudadan\u00eda, enfrentando el cinismo y la desesperanza con hechos y compromiso real.<\/p>\n\n\n\n<p>Durante el panel se debati\u00f3 sobre c\u00f3mo el autoritarismo en aumento amenaza a los sistemas de justicia y qu\u00e9 estrategias pueden implementarse para garantizar la resiliencia institucional, con un enfoque en el aprendizaje mutuo a partir de la experiencia de lucha en Polonia por la independencia judicial.<\/p>\n\n\n\n<p>Molina subray\u00f3 que las instituciones se fortalecen cuando quienes las integran creen en su misi\u00f3n y act\u00faan con la conciencia de que representan algo mucho m\u00e1s grande que ellos mismos.<\/p>\n\n\n\n<p>\u201cCada decisi\u00f3n justa es una victoria para el Estado de Derecho y la democracia\u201d, asever\u00f3.<\/p>\n\n\n\n<p>Los temas giraron al entender que un sistema de justicia robusto debe ser independiente, justo, transparente, responsable, \u00e9tico, accesible y adaptable, y que la independencia judicial es clave para garantizar decisiones imparciales y proteger los derechos fundamentales, actuando como contrapeso al poder gubernamental.<\/p>\n\n\n\n<p>La delegaci\u00f3n dominicana la completan el juez de la Primera Sala de la SCJ, Samuel Arias Arzeno, y la directora de Pol\u00edticas P\u00fabicas del Poder Judicial dominicano, Rosaura Qui\u00f1ones.<\/p>\n\n\n\n<p><strong>Foro Mundial de Justicia 2025&nbsp;&nbsp;<\/strong><\/p>\n\n\n\n<p>El evento convoca a responsables pol\u00edticos, expertos legales, defensores de derechos humanos y ambientales, periodistas, auditores gubernamentales, entre otros, para colaborar en la b\u00fasqueda de soluciones. El foro busca crear estrategias orientadas a la acci\u00f3n para fortalecer la gobernanza abierta, fomentar la colaboraci\u00f3n intersectorial y reforzar el ecosistema de la rendici\u00f3n de cuentas. Asimismo, tomar medidas audaces para contrarrestar el avance del autoritarismo y revertir la recesi\u00f3n del estado de derecho.<\/p>\n\n\n\n<p>Comparte en tus redes sociales.<\/p>\n\n\n\n<p><\/p>\n","protected":false},"excerpt":{"rendered":"Seg\u00fan expresa Henry Molina, presidente de la Suprema Corte de Justicia (SCJ) de la Rep\u00fablica Dominicana.\u00a0La independencia judicial no se conserva sola, se cultiva, protege y se gana cada d\u00eda, lo que solo es posible gracias a instituciones comprometidas, liderazgos \u00e9ticos y sociedades que exigen justicia no solo para unos pocos, sino para todos. La [&hellip;]","protected":false},"author":6,"featured_media":0,"comment_status":"open","ping_status":"open","sticky":false,"template":"","format":"standard","meta":{"_uag_custom_page_level_css":"","episode_type":"audio","audio_file":"","podmotor_file_id":"","podmotor_episode_id":"","cover_image":"","cover_image_id":"","duration":"","filesize":"","filesize_raw":"","date_recorded":"","explicit":"","block":"","itunes_episode_number":"","itunes_title":"","itunes_season_number":"","itunes_episode_type":"","_jet_sm_ready_style":"","_jet_sm_style":"","_jet_sm_controls_values":"","_jet_sm_fonts_collection":"","_jet_sm_fonts_links":"","_joinchat":[],"footnotes":""},"categories":[35],"tags":[],"series":[],"class_list":["post-5536","post","type-post","status-publish","format-standard","hentry","category-que-pasa-rd"],"blocksy_meta":[],"episode_featured_image":false,"episode_player_image":"https:\/\/mayralapaz.com\/wp-content\/plugins\/seriously-simple-podcasting\/assets\/images\/no-album-art.png","download_link":"","player_link":"","audio_player":false,"episode_data":{"playerMode":"light","subscribeUrls":{"apple_podcasts":{"key":"apple_podcasts","url":"","label":"Apple Podcasts","class":"apple_podcasts","icon":"apple-podcasts.png"},"stitcher":{"key":"stitcher","url":"","label":"Stitcher","class":"stitcher","icon":"stitcher.png"},"google_podcasts":{"key":"google_podcasts","url":"","label":"Google Podcasts","class":"google_podcasts","icon":"google-podcasts.png"},"spotify":{"key":"spotify","url":"","label":"Spotify","class":"spotify","icon":"spotify.png"}},"rssFeedUrl":"https:\/\/mayralapaz.com\/feed\/podcast\/mayra-la-paz","embedCode":"<blockquote class=\"wp-embedded-content\" data-secret=\"6p5z83GTOJ\"><a href=\"https:\/\/mayralapaz.com\/index.php\/2025\/06\/27\/presidente-scj-rd-expone-en-foro-mundial-de-justicia-en-polonia\/\">Presidente SCJ RD expone en Foro Mundial de Justicia en POLONIA<\/a><\/blockquote><iframe sandbox=\"allow-scripts\" security=\"restricted\" src=\"https:\/\/mayralapaz.com\/index.php\/2025\/06\/27\/presidente-scj-rd-expone-en-foro-mundial-de-justicia-en-polonia\/embed\/#?secret=6p5z83GTOJ\" width=\"500\" height=\"350\" title=\"\u00abPresidente SCJ RD expone en Foro Mundial de Justicia en POLONIA\u00bb \u2014 Mayra La Paz\" data-secret=\"6p5z83GTOJ\" frameborder=\"0\" marginwidth=\"0\" marginheight=\"0\" scrolling=\"no\" class=\"wp-embedded-content\"><\/iframe><script>\n\/*! This file is auto-generated *\/\n!function(d,l){\"use strict\";l.querySelector&&d.addEventListener&&\"undefined\"!=typeof URL&&(d.wp=d.wp||{},d.wp.receiveEmbedMessage||(d.wp.receiveEmbedMessage=function(e){var t=e.data;if((t||t.secret||t.message||t.value)&&!\/[^a-zA-Z0-9]\/.test(t.secret)){for(var s,r,n,a=l.querySelectorAll('iframe[data-secret=\"'+t.secret+'\"]'),o=l.querySelectorAll('blockquote[data-secret=\"'+t.secret+'\"]'),c=new RegExp(\"^https?:$\",\"i\"),i=0;i<o.length;i++)o[i].style.display=\"none\";for(i=0;i<a.length;i++)s=a[i],e.source===s.contentWindow&&(s.removeAttribute(\"style\"),\"height\"===t.message?(1e3<(r=parseInt(t.value,10))?r=1e3:~~r<200&&(r=200),s.height=r):\"link\"===t.message&&(r=new URL(s.getAttribute(\"src\")),n=new URL(t.value),c.test(n.protocol))&&n.host===r.host&&l.activeElement===s&&(d.top.location.href=t.value))}},d.addEventListener(\"message\",d.wp.receiveEmbedMessage,!1),l.addEventListener(\"DOMContentLoaded\",function(){for(var e,t,s=l.querySelectorAll(\"iframe.wp-embedded-content\"),r=0;r<s.length;r++)(t=(e=s[r]).getAttribute(\"data-secret\"))||(t=Math.random().toString(36).substring(2,12),e.src+=\"#?secret=\"+t,e.setAttribute(\"data-secret\",t)),e.contentWindow.postMessage({message:\"ready\",secret:t},\"*\")},!1)))}(window,document);\n<\/script>\n"},"uagb_featured_image_src":{"full":false,"thumbnail":false,"medium":false,"medium_large":false,"large":false,"1536x1536":false,"2048x2048":false,"woocommerce_archive_thumbnail":false,"woocommerce_thumbnail":false,"woocommerce_single":false,"woocommerce_gallery_thumbnail":false},"uagb_author_info":{"display_name":"Por la Redacci\u00f3n","author_link":"https:\/\/mayralapaz.com\/index.php\/author\/mayra\/"},"uagb_comment_info":2,"uagb_excerpt":"Seg\u00fan expresa Henry Molina, presidente de la Suprema Corte de Justicia (SCJ) de la Rep\u00fablica Dominicana.\u00a0La independencia judicial no se conserva sola, se cultiva, protege y se gana cada d\u00eda, lo que solo es posible gracias a instituciones comprometidas, liderazgos \u00e9ticos y sociedades que exigen justicia no solo para unos pocos, sino para todos. La&hellip;","_links":{"self":[{"href":"https:\/\/mayralapaz.com\/index.php\/wp-json\/wp\/v2\/posts\/5536","targetHints":{"allow":["GET"]}}],"collection":[{"href":"https:\/\/mayralapaz.com\/index.php\/wp-json\/wp\/v2\/posts"}],"about":[{"href":"https:\/\/mayralapaz.com\/index.php\/wp-json\/wp\/v2\/types\/post"}],"author":[{"embeddable":true,"href":"https:\/\/mayralapaz.com\/index.php\/wp-json\/wp\/v2\/users\/6"}],"replies":[{"embeddable":true,"href":"https:\/\/mayralapaz.com\/index.php\/wp-json\/wp\/v2\/comments?post=5536"}],"version-history":[{"count":1,"href":"https:\/\/mayralapaz.com\/index.php\/wp-json\/wp\/v2\/posts\/5536\/revisions"}],"predecessor-version":[{"id":5538,"href":"https:\/\/mayralapaz.com\/index.php\/wp-json\/wp\/v2\/posts\/5536\/revisions\/5538"}],"wp:attachment":[{"href":"https:\/\/mayralapaz.com\/index.php\/wp-json\/wp\/v2\/media?parent=5536"}],"wp:term":[{"taxonomy":"category","embeddable":true,"href":"https:\/\/mayralapaz.com\/index.php\/wp-json\/wp\/v2\/categories?post=5536"},{"taxonomy":"post_tag","embeddable":true,"href":"https:\/\/mayralapaz.com\/index.php\/wp-json\/wp\/v2\/tags?post=5536"},{"taxonomy":"series","embeddable":true,"href":"https:\/\/mayralapaz.com\/index.php\/wp-json\/wp\/v2\/series?post=5536"}],"curies":[{"name":"wp","href":"https:\/\/api.w.org\/{rel}","templated":true}]}}