{"id":5527,"date":"2025-06-27T12:59:15","date_gmt":"2025-06-27T16:59:15","guid":{"rendered":"https:\/\/mayralapaz.com\/?p=5527"},"modified":"2025-06-27T12:59:18","modified_gmt":"2025-06-27T16:59:18","slug":"informan-economia-dominicana-registra-crecimiento-del-31-en-mayo","status":"publish","type":"post","link":"https:\/\/mayralapaz.com\/index.php\/2025\/06\/27\/informan-economia-dominicana-registra-crecimiento-del-31-en-mayo\/","title":{"rendered":"Informan econom\u00eda dominicana registra crecimiento del 3,1 % en mayo"},"content":{"rendered":"\n<p>El Banco Central de la Rep\u00fablica Dominicana inform\u00f3 que registr\u00f3 un crecimiento interanual del 3,1 % en mayo, sustentado principalmente por un mejor desempe\u00f1o de la miner\u00eda, agropecuaria, manufactura local y construcci\u00f3n.<\/p>\n\n\n\n<p> Este jueves presento la comparaci\u00f3n con la variaci\u00f3n anual registrada en abril, que fue del 1,7 %.<\/p>\n\n\n\n<p>El crecimiento acumulado de la econom\u00eda en el per\u00edodo enero-mayo se ubica en el 2,6 %.<\/p>\n\n\n\n<p>En 2024, el pa\u00eds experiment\u00f3 un crecimiento econ\u00f3mico del 5 % de su producto interior bruto (PIB), seg\u00fan datos oficiales.<\/p>\n\n\n\n<p><strong>AGROPECUARIA, MANUFACTURA LOCAL Y ZONAS FRANZAS<\/strong><\/p>\n\n\n\n<p>Al analizar el resultado acumulado econ\u00f3mico del pa\u00eds en los primeros cinco meses, se observan variaciones interanuales positivas en la agropecuaria, explotaci\u00f3n de minas y canteras, manufactura local, manufactura de zonas francas, as\u00ed como en el sector servicios en su conjunto.<\/p>\n\n\n\n<p>Dentro de este \u00faltimo, sobresalen las actividades de servicios financieros, transporte y almacenamiento, comercio y las actividades inmobiliarias y de alquiler.<\/p>\n\n\n\n<p>\u00abEs importante precisar que prevalecen condiciones financieras y de liquidez restrictivas a nivel global, reflejadas en tasas de inter\u00e9s que permanecen relativamente elevadas en los mercados de capitales\u00bb, dijo el Banco Central en un comunicado.<\/p>\n\n\n\n<p><strong>CONTEXTO INTERNACIONAL ADVERTO Y RESERVA FEDERAL EEUU<\/strong><\/p>\n\n\n\n<p>La informaci\u00f3n asegur\u00f3 que una vez se disipe el contexto internacional adverso y la Reserva Federal estadounidense retome el proceso de flexibilizaci\u00f3n en su pol\u00edtica monetaria, los bancos centrales de las econom\u00edas emergentes, incluyendo la Rep\u00fablica Dominicana, contar\u00edan con un mayor espacio para coadyuvar con la dinamizaci\u00f3n de la econom\u00eda, sin comprometer la estabilidad de precios y macroecon\u00f3mica en general.<\/p>\n\n\n\n<p>En este sentido, una vez se controlen los focos externos de incertidumbre y se estabilicen las expectativas de los agentes econ\u00f3micos, se allanar\u00eda el camino para la aceleraci\u00f3n de las diferentes actividades econ\u00f3micas.<\/p>\n\n\n\n<p>De forma particular, las recientes medidas de est\u00edmulo de la Junta Monetaria, liberando 81,000 millones de pesos para apoyar a los sectores productivos, estar\u00edan impulsando un repunte de la econom\u00eda en los pr\u00f3ximos meses conforme opere el mecanismo de transmisi\u00f3n de la pol\u00edtica monetaria.<\/p>\n\n\n\n<p>Comparte la noticica en nuestras redes sociales.<\/p>\n\n\n\n<p><\/p>\n","protected":false},"excerpt":{"rendered":"El Banco Central de la Rep\u00fablica Dominicana inform\u00f3 que registr\u00f3 un crecimiento interanual del 3,1 % en mayo, sustentado principalmente por un mejor desempe\u00f1o de la miner\u00eda, agropecuaria, manufactura local y construcci\u00f3n. Este jueves presento la comparaci\u00f3n con la variaci\u00f3n anual registrada en abril, que fue del 1,7 %. El crecimiento acumulado de la econom\u00eda [&hellip;]","protected":false},"author":6,"featured_media":5528,"comment_status":"open","ping_status":"open","sticky":false,"template":"","format":"standard","meta":{"_uag_custom_page_level_css":"","episode_type":"audio","audio_file":"","podmotor_file_id":"","podmotor_episode_id":"","cover_image":"","cover_image_id":"","duration":"","filesize":"","filesize_raw":"","date_recorded":"","explicit":"","block":"","itunes_episode_number":"","itunes_title":"","itunes_season_number":"","itunes_episode_type":"","_jet_sm_ready_style":"","_jet_sm_style":"","_jet_sm_controls_values":"","_jet_sm_fonts_collection":"","_jet_sm_fonts_links":"","_joinchat":[],"footnotes":""},"categories":[35],"tags":[],"series":[],"class_list":["post-5527","post","type-post","status-publish","format-standard","has-post-thumbnail","hentry","category-que-pasa-rd"],"blocksy_meta":[],"episode_featured_image":"https:\/\/mayralapaz.com\/wp-content\/uploads\/2025\/06\/registra.jpg","episode_player_image":"https:\/\/mayralapaz.com\/wp-content\/plugins\/seriously-simple-podcasting\/assets\/images\/no-album-art.png","download_link":"","player_link":"","audio_player":false,"episode_data":{"playerMode":"light","subscribeUrls":{"apple_podcasts":{"key":"apple_podcasts","url":"","label":"Apple Podcasts","class":"apple_podcasts","icon":"apple-podcasts.png"},"stitcher":{"key":"stitcher","url":"","label":"Stitcher","class":"stitcher","icon":"stitcher.png"},"google_podcasts":{"key":"google_podcasts","url":"","label":"Google Podcasts","class":"google_podcasts","icon":"google-podcasts.png"},"spotify":{"key":"spotify","url":"","label":"Spotify","class":"spotify","icon":"spotify.png"}},"rssFeedUrl":"https:\/\/mayralapaz.com\/feed\/podcast\/mayra-la-paz","embedCode":"<blockquote class=\"wp-embedded-content\" data-secret=\"FiIk8UhVO6\"><a href=\"https:\/\/mayralapaz.com\/index.php\/2025\/06\/27\/informan-economia-dominicana-registra-crecimiento-del-31-en-mayo\/\">Informan econom\u00eda dominicana registra crecimiento del 3,1 % en mayo<\/a><\/blockquote><iframe sandbox=\"allow-scripts\" security=\"restricted\" src=\"https:\/\/mayralapaz.com\/index.php\/2025\/06\/27\/informan-economia-dominicana-registra-crecimiento-del-31-en-mayo\/embed\/#?secret=FiIk8UhVO6\" width=\"500\" height=\"350\" title=\"\u00abInforman econom\u00eda dominicana registra crecimiento del 3,1 % en mayo\u00bb \u2014 Mayra La Paz\" data-secret=\"FiIk8UhVO6\" frameborder=\"0\" marginwidth=\"0\" marginheight=\"0\" scrolling=\"no\" class=\"wp-embedded-content\"><\/iframe><script>\n\/*! This file is auto-generated *\/\n!function(d,l){\"use strict\";l.querySelector&&d.addEventListener&&\"undefined\"!=typeof URL&&(d.wp=d.wp||{},d.wp.receiveEmbedMessage||(d.wp.receiveEmbedMessage=function(e){var t=e.data;if((t||t.secret||t.message||t.value)&&!\/[^a-zA-Z0-9]\/.test(t.secret)){for(var s,r,n,a=l.querySelectorAll('iframe[data-secret=\"'+t.secret+'\"]'),o=l.querySelectorAll('blockquote[data-secret=\"'+t.secret+'\"]'),c=new RegExp(\"^https?:$\",\"i\"),i=0;i<o.length;i++)o[i].style.display=\"none\";for(i=0;i<a.length;i++)s=a[i],e.source===s.contentWindow&&(s.removeAttribute(\"style\"),\"height\"===t.message?(1e3<(r=parseInt(t.value,10))?r=1e3:~~r<200&&(r=200),s.height=r):\"link\"===t.message&&(r=new URL(s.getAttribute(\"src\")),n=new URL(t.value),c.test(n.protocol))&&n.host===r.host&&l.activeElement===s&&(d.top.location.href=t.value))}},d.addEventListener(\"message\",d.wp.receiveEmbedMessage,!1),l.addEventListener(\"DOMContentLoaded\",function(){for(var e,t,s=l.querySelectorAll(\"iframe.wp-embedded-content\"),r=0;r<s.length;r++)(t=(e=s[r]).getAttribute(\"data-secret\"))||(t=Math.random().toString(36).substring(2,12),e.src+=\"#?secret=\"+t,e.setAttribute(\"data-secret\",t)),e.contentWindow.postMessage({message:\"ready\",secret:t},\"*\")},!1)))}(window,document);\n<\/script>\n"},"uagb_featured_image_src":{"full":["https:\/\/mayralapaz.com\/wp-content\/uploads\/2025\/06\/registra.jpg",676,488,false],"thumbnail":["https:\/\/mayralapaz.com\/wp-content\/uploads\/2025\/06\/registra-250x250.jpg",250,250,true],"medium":["https:\/\/mayralapaz.com\/wp-content\/uploads\/2025\/06\/registra-300x217.jpg",300,217,true],"medium_large":["https:\/\/mayralapaz.com\/wp-content\/uploads\/2025\/06\/registra.jpg",676,488,false],"large":["https:\/\/mayralapaz.com\/wp-content\/uploads\/2025\/06\/registra.jpg",676,488,false],"1536x1536":["https:\/\/mayralapaz.com\/wp-content\/uploads\/2025\/06\/registra.jpg",676,488,false],"2048x2048":["https:\/\/mayralapaz.com\/wp-content\/uploads\/2025\/06\/registra.jpg",676,488,false],"woocommerce_archive_thumbnail":["https:\/\/mayralapaz.com\/wp-content\/uploads\/2025\/06\/registra-500x488.jpg",500,488,true],"woocommerce_thumbnail":["https:\/\/mayralapaz.com\/wp-content\/uploads\/2025\/06\/registra-300x300.jpg",300,300,true],"woocommerce_single":["https:\/\/mayralapaz.com\/wp-content\/uploads\/2025\/06\/registra-600x433.jpg",600,433,true],"woocommerce_gallery_thumbnail":["https:\/\/mayralapaz.com\/wp-content\/uploads\/2025\/06\/registra-100x100.jpg",100,100,true]},"uagb_author_info":{"display_name":"Por la Redacci\u00f3n","author_link":"https:\/\/mayralapaz.com\/index.php\/author\/mayra\/"},"uagb_comment_info":1,"uagb_excerpt":"El Banco Central de la Rep\u00fablica Dominicana inform\u00f3 que registr\u00f3 un crecimiento interanual del 3,1 % en mayo, sustentado principalmente por un mejor desempe\u00f1o de la miner\u00eda, agropecuaria, manufactura local y construcci\u00f3n. Este jueves presento la comparaci\u00f3n con la variaci\u00f3n anual registrada en abril, que fue del 1,7 %. El crecimiento acumulado de la econom\u00eda&hellip;","_links":{"self":[{"href":"https:\/\/mayralapaz.com\/index.php\/wp-json\/wp\/v2\/posts\/5527","targetHints":{"allow":["GET"]}}],"collection":[{"href":"https:\/\/mayralapaz.com\/index.php\/wp-json\/wp\/v2\/posts"}],"about":[{"href":"https:\/\/mayralapaz.com\/index.php\/wp-json\/wp\/v2\/types\/post"}],"author":[{"embeddable":true,"href":"https:\/\/mayralapaz.com\/index.php\/wp-json\/wp\/v2\/users\/6"}],"replies":[{"embeddable":true,"href":"https:\/\/mayralapaz.com\/index.php\/wp-json\/wp\/v2\/comments?post=5527"}],"version-history":[{"count":1,"href":"https:\/\/mayralapaz.com\/index.php\/wp-json\/wp\/v2\/posts\/5527\/revisions"}],"predecessor-version":[{"id":5529,"href":"https:\/\/mayralapaz.com\/index.php\/wp-json\/wp\/v2\/posts\/5527\/revisions\/5529"}],"wp:featuredmedia":[{"embeddable":true,"href":"https:\/\/mayralapaz.com\/index.php\/wp-json\/wp\/v2\/media\/5528"}],"wp:attachment":[{"href":"https:\/\/mayralapaz.com\/index.php\/wp-json\/wp\/v2\/media?parent=5527"}],"wp:term":[{"taxonomy":"category","embeddable":true,"href":"https:\/\/mayralapaz.com\/index.php\/wp-json\/wp\/v2\/categories?post=5527"},{"taxonomy":"post_tag","embeddable":true,"href":"https:\/\/mayralapaz.com\/index.php\/wp-json\/wp\/v2\/tags?post=5527"},{"taxonomy":"series","embeddable":true,"href":"https:\/\/mayralapaz.com\/index.php\/wp-json\/wp\/v2\/series?post=5527"}],"curies":[{"name":"wp","href":"https:\/\/api.w.org\/{rel}","templated":true}]}}