{"id":5240,"date":"2025-04-03T13:52:28","date_gmt":"2025-04-03T17:52:28","guid":{"rendered":"https:\/\/mayralapaz.com\/?p=5240"},"modified":"2025-04-03T13:52:30","modified_gmt":"2025-04-03T17:52:30","slug":"rd-en-posicion-ventajosa-entre-afectados-por-aranceles","status":"publish","type":"post","link":"https:\/\/mayralapaz.com\/index.php\/2025\/04\/03\/rd-en-posicion-ventajosa-entre-afectados-por-aranceles\/","title":{"rendered":"RD en \u00abposici\u00f3n ventajosa\u00bb entre afectados por aranceles"},"content":{"rendered":"\n<p>\u00abA\u00a0pesar de este aumento, Rep\u00fablica Dominicana sigue teniendo uno de los niveles m\u00e1s bajos de aranceles en la regi\u00f3n, lo que podr\u00eda representar una ventaja competitiva para las exportaciones del pa\u00eds\u00bb, expres\u00f3 el presidente de la naci\u00f3n caribe\u00f1a, Lu\u00eds Abinader.<\/p>\n\n\n\n<p>Explic\u00f3 que \u00aben t\u00e9rminos relativos, si vemos, estamos en el menor nivel de aranceles, lo cual puede ser incluso una ventaja\u00bb.<\/p>\n\n\n\n<p>Dijo que el gobierno evaluar\u00e1 la medida y sostendr\u00e1 conversaciones bilaterales con la administraci\u00f3n del presidente Donald Trump, con el prop\u00f3sito de aclarar algunas confusiones en la aplicaci\u00f3n del aumento arancelario.<\/p>\n\n\n\n<p>\u00abVemos algunas confusiones que quiz\u00e1s no nos deben de aplicar el 10 por ciento como est\u00e1 presentado\u00bb, declar\u00f3 Abinader a su salida de un acto por el&nbsp;63 aniversario de la Asociaci\u00f3n de Industria de la Rep\u00fablica Dominicana (AIRD).<\/p>\n\n\n\n<p>Indic\u00f3 que \u00abno se estima una reducci\u00f3n en las exportaciones, pero quisiera tener condiciones en las que se respete el Tratado de Libre Comercio y otras ventajas\u00bb.<\/p>\n\n\n\n<p>Resalt\u00f3 que el gobierno tiene buenas relaciones y tiene un buen mecanismo de hablar y de conversar con el gobierno de Estados Unidos.<\/p>\n","protected":false},"excerpt":{"rendered":"\u00abA\u00a0pesar de este aumento, Rep\u00fablica Dominicana sigue teniendo uno de los niveles m\u00e1s bajos de aranceles en la regi\u00f3n, lo que podr\u00eda representar una ventaja competitiva para las exportaciones del pa\u00eds\u00bb, expres\u00f3 el presidente de la naci\u00f3n caribe\u00f1a, Lu\u00eds Abinader. Explic\u00f3 que \u00aben t\u00e9rminos relativos, si vemos, estamos en el menor nivel de aranceles, lo [&hellip;]","protected":false},"author":6,"featured_media":5241,"comment_status":"open","ping_status":"open","sticky":false,"template":"","format":"standard","meta":{"_uag_custom_page_level_css":"","episode_type":"audio","audio_file":"","podmotor_file_id":"","podmotor_episode_id":"","cover_image":"","cover_image_id":"","duration":"","filesize":"","filesize_raw":"","date_recorded":"","explicit":"","block":"","itunes_episode_number":"","itunes_title":"","itunes_season_number":"","itunes_episode_type":"","_jet_sm_ready_style":"","_jet_sm_style":"","_jet_sm_controls_values":"","_jet_sm_fonts_collection":"","_jet_sm_fonts_links":"","_joinchat":[],"footnotes":""},"categories":[35],"tags":[],"series":[],"class_list":["post-5240","post","type-post","status-publish","format-standard","has-post-thumbnail","hentry","category-que-pasa-rd"],"blocksy_meta":[],"episode_featured_image":"https:\/\/mayralapaz.com\/wp-content\/uploads\/2025\/04\/Pte-abinader.jpg","episode_player_image":"https:\/\/mayralapaz.com\/wp-content\/plugins\/seriously-simple-podcasting\/assets\/images\/no-album-art.png","download_link":"","player_link":"","audio_player":false,"episode_data":{"playerMode":"light","subscribeUrls":{"apple_podcasts":{"key":"apple_podcasts","url":"","label":"Apple Podcasts","class":"apple_podcasts","icon":"apple-podcasts.png"},"stitcher":{"key":"stitcher","url":"","label":"Stitcher","class":"stitcher","icon":"stitcher.png"},"google_podcasts":{"key":"google_podcasts","url":"","label":"Google Podcasts","class":"google_podcasts","icon":"google-podcasts.png"},"spotify":{"key":"spotify","url":"","label":"Spotify","class":"spotify","icon":"spotify.png"}},"rssFeedUrl":"https:\/\/mayralapaz.com\/feed\/podcast\/mayra-la-paz","embedCode":"<blockquote class=\"wp-embedded-content\" data-secret=\"rwIK8ziPI5\"><a href=\"https:\/\/mayralapaz.com\/index.php\/2025\/04\/03\/rd-en-posicion-ventajosa-entre-afectados-por-aranceles\/\">RD en \u00abposici\u00f3n ventajosa\u00bb entre afectados por aranceles<\/a><\/blockquote><iframe sandbox=\"allow-scripts\" security=\"restricted\" src=\"https:\/\/mayralapaz.com\/index.php\/2025\/04\/03\/rd-en-posicion-ventajosa-entre-afectados-por-aranceles\/embed\/#?secret=rwIK8ziPI5\" width=\"500\" height=\"350\" title=\"\u00abRD en \u00abposici\u00f3n ventajosa\u00bb entre afectados por aranceles\u00bb \u2014 Mayra La Paz\" data-secret=\"rwIK8ziPI5\" frameborder=\"0\" marginwidth=\"0\" marginheight=\"0\" scrolling=\"no\" class=\"wp-embedded-content\"><\/iframe><script>\n\/*! This file is auto-generated *\/\n!function(d,l){\"use strict\";l.querySelector&&d.addEventListener&&\"undefined\"!=typeof URL&&(d.wp=d.wp||{},d.wp.receiveEmbedMessage||(d.wp.receiveEmbedMessage=function(e){var t=e.data;if((t||t.secret||t.message||t.value)&&!\/[^a-zA-Z0-9]\/.test(t.secret)){for(var s,r,n,a=l.querySelectorAll('iframe[data-secret=\"'+t.secret+'\"]'),o=l.querySelectorAll('blockquote[data-secret=\"'+t.secret+'\"]'),c=new RegExp(\"^https?:$\",\"i\"),i=0;i<o.length;i++)o[i].style.display=\"none\";for(i=0;i<a.length;i++)s=a[i],e.source===s.contentWindow&&(s.removeAttribute(\"style\"),\"height\"===t.message?(1e3<(r=parseInt(t.value,10))?r=1e3:~~r<200&&(r=200),s.height=r):\"link\"===t.message&&(r=new URL(s.getAttribute(\"src\")),n=new URL(t.value),c.test(n.protocol))&&n.host===r.host&&l.activeElement===s&&(d.top.location.href=t.value))}},d.addEventListener(\"message\",d.wp.receiveEmbedMessage,!1),l.addEventListener(\"DOMContentLoaded\",function(){for(var e,t,s=l.querySelectorAll(\"iframe.wp-embedded-content\"),r=0;r<s.length;r++)(t=(e=s[r]).getAttribute(\"data-secret\"))||(t=Math.random().toString(36).substring(2,12),e.src+=\"#?secret=\"+t,e.setAttribute(\"data-secret\",t)),e.contentWindow.postMessage({message:\"ready\",secret:t},\"*\")},!1)))}(window,document);\n<\/script>\n"},"uagb_featured_image_src":{"full":["https:\/\/mayralapaz.com\/wp-content\/uploads\/2025\/04\/Pte-abinader.jpg",1173,724,false],"thumbnail":["https:\/\/mayralapaz.com\/wp-content\/uploads\/2025\/04\/Pte-abinader-250x250.jpg",250,250,true],"medium":["https:\/\/mayralapaz.com\/wp-content\/uploads\/2025\/04\/Pte-abinader-300x185.jpg",300,185,true],"medium_large":["https:\/\/mayralapaz.com\/wp-content\/uploads\/2025\/04\/Pte-abinader-768x474.jpg",768,474,true],"large":["https:\/\/mayralapaz.com\/wp-content\/uploads\/2025\/04\/Pte-abinader-1024x632.jpg",1024,632,true],"1536x1536":["https:\/\/mayralapaz.com\/wp-content\/uploads\/2025\/04\/Pte-abinader.jpg",1173,724,false],"2048x2048":["https:\/\/mayralapaz.com\/wp-content\/uploads\/2025\/04\/Pte-abinader.jpg",1173,724,false],"woocommerce_archive_thumbnail":["https:\/\/mayralapaz.com\/wp-content\/uploads\/2025\/04\/Pte-abinader-500x500.jpg",500,500,true],"woocommerce_thumbnail":["https:\/\/mayralapaz.com\/wp-content\/uploads\/2025\/04\/Pte-abinader-300x300.jpg",300,300,true],"woocommerce_single":["https:\/\/mayralapaz.com\/wp-content\/uploads\/2025\/04\/Pte-abinader-600x370.jpg",600,370,true],"woocommerce_gallery_thumbnail":["https:\/\/mayralapaz.com\/wp-content\/uploads\/2025\/04\/Pte-abinader-100x100.jpg",100,100,true]},"uagb_author_info":{"display_name":"Por la Redacci\u00f3n","author_link":"https:\/\/mayralapaz.com\/index.php\/author\/mayra\/"},"uagb_comment_info":1,"uagb_excerpt":"\u00abA\u00a0pesar de este aumento, Rep\u00fablica Dominicana sigue teniendo uno de los niveles m\u00e1s bajos de aranceles en la regi\u00f3n, lo que podr\u00eda representar una ventaja competitiva para las exportaciones del pa\u00eds\u00bb, expres\u00f3 el presidente de la naci\u00f3n caribe\u00f1a, Lu\u00eds Abinader. Explic\u00f3 que \u00aben t\u00e9rminos relativos, si vemos, estamos en el menor nivel de aranceles, lo&hellip;","_links":{"self":[{"href":"https:\/\/mayralapaz.com\/index.php\/wp-json\/wp\/v2\/posts\/5240","targetHints":{"allow":["GET"]}}],"collection":[{"href":"https:\/\/mayralapaz.com\/index.php\/wp-json\/wp\/v2\/posts"}],"about":[{"href":"https:\/\/mayralapaz.com\/index.php\/wp-json\/wp\/v2\/types\/post"}],"author":[{"embeddable":true,"href":"https:\/\/mayralapaz.com\/index.php\/wp-json\/wp\/v2\/users\/6"}],"replies":[{"embeddable":true,"href":"https:\/\/mayralapaz.com\/index.php\/wp-json\/wp\/v2\/comments?post=5240"}],"version-history":[{"count":1,"href":"https:\/\/mayralapaz.com\/index.php\/wp-json\/wp\/v2\/posts\/5240\/revisions"}],"predecessor-version":[{"id":5242,"href":"https:\/\/mayralapaz.com\/index.php\/wp-json\/wp\/v2\/posts\/5240\/revisions\/5242"}],"wp:featuredmedia":[{"embeddable":true,"href":"https:\/\/mayralapaz.com\/index.php\/wp-json\/wp\/v2\/media\/5241"}],"wp:attachment":[{"href":"https:\/\/mayralapaz.com\/index.php\/wp-json\/wp\/v2\/media?parent=5240"}],"wp:term":[{"taxonomy":"category","embeddable":true,"href":"https:\/\/mayralapaz.com\/index.php\/wp-json\/wp\/v2\/categories?post=5240"},{"taxonomy":"post_tag","embeddable":true,"href":"https:\/\/mayralapaz.com\/index.php\/wp-json\/wp\/v2\/tags?post=5240"},{"taxonomy":"series","embeddable":true,"href":"https:\/\/mayralapaz.com\/index.php\/wp-json\/wp\/v2\/series?post=5240"}],"curies":[{"name":"wp","href":"https:\/\/api.w.org\/{rel}","templated":true}]}}