{"id":5210,"date":"2025-04-03T12:01:15","date_gmt":"2025-04-03T16:01:15","guid":{"rendered":"https:\/\/mayralapaz.com\/?p=5210"},"modified":"2025-04-03T12:01:18","modified_gmt":"2025-04-03T16:01:18","slug":"seguros-reservas-inaugura-nueva-oficina-en-la-vega","status":"publish","type":"post","link":"https:\/\/mayralapaz.com\/index.php\/2025\/04\/03\/seguros-reservas-inaugura-nueva-oficina-en-la-vega\/","title":{"rendered":"Seguros Reservas inaugura nueva oficina en La Vega"},"content":{"rendered":"\n<p>Seguros Reservas abre las puertas de su nueva oficina en La Vega, reafirmando su compromiso de brindar un servicio m\u00e1s cercano, innovador y eficiente a sus clientes.<\/p>\n\n\n\n<p>La nueva instalaci\u00f3n, ubicada en el primer nivel de Plaza Imbert Mall, en la intersecci\u00f3n de Av. Imbert y Mario Concepci\u00f3n, brindar\u00e1 servicios de lunes a viernes de 8:00 a.m. a 5:00 p.m. y los s\u00e1bados de 9:00 a.m. a 12:00 p.m.&nbsp; Los espacios que han sido dise\u00f1ados con un enfoque en la comodidad del usuario permitir\u00e1n a los residentes de la provincia acceder a un amplio portafolio de productos y servicios.<\/p>\n\n\n\n<p>Durante el acto de inauguraci\u00f3n, Nelson Arroyo, vicepresidente ejecutivo de la empresa destac\u00f3 la importancia de este nuevo punto de servicio como parte de la estrategia de expansi\u00f3n y mejora continua de la compa\u00f1\u00eda, \u201c<em>Esta nueva oficina en La Vega representa un paso m\u00e1s en nuestro compromiso de estar cada vez m\u00e1s cerca de nuestros clientes, ofreci\u00e9ndoles un servicio \u00e1gil, personalizado y con los m\u00e1s altos est\u00e1ndares de calidad. Queremos que cada persona que nos visite pueda gestionar sus necesidades de manera eficiente y con la confianza que nos caracteriza<\/em>\u201d.<\/p>\n\n\n\n<p>La ceremonia cont\u00f3 con la bendici\u00f3n del Di\u00e1cono Randy Dagoberto Mota Almonte, perteneciente a la Parroquia San Agust\u00edn de La Vega.<\/p>\n\n\n\n<p>Con esta apertura, Seguros Reservas continua su misi\u00f3n de estar cada vez m\u00e1s cerca de sus clientes, ofreciendo soluciones adaptadas a sus necesidades, en un entorno de excelencia, calidad y experiencia memorable de servicio.<\/p>\n\n\n\n<p><strong>Acerca de Seguros Reservas<\/strong><\/p>\n\n\n\n<p>Seguros Reservas es una empresa que cuenta con veintitr\u00e9s a\u00f1os de experiencia en el mercado asegurador dominicano, dedicada a la provisi\u00f3n de soluciones de seguros adaptadas a las necesidades de sus clientes.&nbsp;<\/p>\n\n\n\n<p>Es la \u00fanica compa\u00f1\u00eda de seguros dominicana en obtener tres veces consecutivas las calificaciones AA+ por Fitch Ratings y A- (Excelente) en riesgo y fortaleza financiera, emitidas por AM Best.&nbsp;<\/p>\n\n\n\n<p>Asimismo, es la aseguradora de mayor crecimiento en Centroam\u00e9rica y Rep\u00fablica Dominicana, posicion\u00e1ndose en el lugar #4 en el ranking de aseguradoras al cierre del 2023, ascendiendo 5 posiciones en relaci\u00f3n al a\u00f1o previo.<\/p>\n\n\n\n<figure class=\"wp-block-image size-full\"><img fetchpriority=\"high\" decoding=\"async\" width=\"890\" height=\"762\" src=\"https:\/\/mayralapaz.com\/wp-content\/uploads\/2025\/04\/Nelson-Arroyo-Inauguracion-suscursal-La-Vega-Seguros-Reservas-2025-1.jpg\" alt=\"\" class=\"wp-image-5213\" srcset=\"https:\/\/mayralapaz.com\/wp-content\/uploads\/2025\/04\/Nelson-Arroyo-Inauguracion-suscursal-La-Vega-Seguros-Reservas-2025-1.jpg 890w, https:\/\/mayralapaz.com\/wp-content\/uploads\/2025\/04\/Nelson-Arroyo-Inauguracion-suscursal-La-Vega-Seguros-Reservas-2025-1-300x257.jpg 300w, https:\/\/mayralapaz.com\/wp-content\/uploads\/2025\/04\/Nelson-Arroyo-Inauguracion-suscursal-La-Vega-Seguros-Reservas-2025-1-768x658.jpg 768w, https:\/\/mayralapaz.com\/wp-content\/uploads\/2025\/04\/Nelson-Arroyo-Inauguracion-suscursal-La-Vega-Seguros-Reservas-2025-1-600x514.jpg 600w\" sizes=\"(max-width: 890px) 100vw, 890px\" \/><\/figure>\n","protected":false},"excerpt":{"rendered":"Seguros Reservas abre las puertas de su nueva oficina en La Vega, reafirmando su compromiso de brindar un servicio m\u00e1s cercano, innovador y eficiente a sus clientes. La nueva instalaci\u00f3n, ubicada en el primer nivel de Plaza Imbert Mall, en la intersecci\u00f3n de Av. Imbert y Mario Concepci\u00f3n, brindar\u00e1 servicios de lunes a viernes de [&hellip;]","protected":false},"author":6,"featured_media":5212,"comment_status":"open","ping_status":"open","sticky":false,"template":"","format":"standard","meta":{"_uag_custom_page_level_css":"","episode_type":"audio","audio_file":"","podmotor_file_id":"","podmotor_episode_id":"","cover_image":"","cover_image_id":"","duration":"","filesize":"","filesize_raw":"","date_recorded":"","explicit":"","block":"","itunes_episode_number":"","itunes_title":"","itunes_season_number":"","itunes_episode_type":"","_jet_sm_ready_style":"","_jet_sm_style":"","_jet_sm_controls_values":"","_jet_sm_fonts_collection":"","_jet_sm_fonts_links":"","_joinchat":[],"footnotes":""},"categories":[35,26],"tags":[],"series":[],"class_list":["post-5210","post","type-post","status-publish","format-standard","has-post-thumbnail","hentry","category-que-pasa-rd","category-news"],"blocksy_meta":[],"episode_featured_image":"https:\/\/mayralapaz.com\/wp-content\/uploads\/2025\/04\/Inauguracion-sucursal-de-La-Vega-Seguros-Reservas-2025.jpg","episode_player_image":"https:\/\/mayralapaz.com\/wp-content\/plugins\/seriously-simple-podcasting\/assets\/images\/no-album-art.png","download_link":"","player_link":"","audio_player":false,"episode_data":{"playerMode":"light","subscribeUrls":{"apple_podcasts":{"key":"apple_podcasts","url":"","label":"Apple Podcasts","class":"apple_podcasts","icon":"apple-podcasts.png"},"stitcher":{"key":"stitcher","url":"","label":"Stitcher","class":"stitcher","icon":"stitcher.png"},"google_podcasts":{"key":"google_podcasts","url":"","label":"Google Podcasts","class":"google_podcasts","icon":"google-podcasts.png"},"spotify":{"key":"spotify","url":"","label":"Spotify","class":"spotify","icon":"spotify.png"}},"rssFeedUrl":"https:\/\/mayralapaz.com\/feed\/podcast\/mayra-la-paz","embedCode":"<blockquote class=\"wp-embedded-content\" data-secret=\"YJWl3OeEzm\"><a href=\"https:\/\/mayralapaz.com\/index.php\/2025\/04\/03\/seguros-reservas-inaugura-nueva-oficina-en-la-vega\/\">Seguros Reservas inaugura nueva oficina en La Vega<\/a><\/blockquote><iframe sandbox=\"allow-scripts\" security=\"restricted\" src=\"https:\/\/mayralapaz.com\/index.php\/2025\/04\/03\/seguros-reservas-inaugura-nueva-oficina-en-la-vega\/embed\/#?secret=YJWl3OeEzm\" width=\"500\" height=\"350\" title=\"\u00abSeguros Reservas inaugura nueva oficina en La Vega\u00bb \u2014 Mayra La Paz\" data-secret=\"YJWl3OeEzm\" frameborder=\"0\" marginwidth=\"0\" marginheight=\"0\" scrolling=\"no\" class=\"wp-embedded-content\"><\/iframe><script>\n\/*! This file is auto-generated *\/\n!function(d,l){\"use strict\";l.querySelector&&d.addEventListener&&\"undefined\"!=typeof URL&&(d.wp=d.wp||{},d.wp.receiveEmbedMessage||(d.wp.receiveEmbedMessage=function(e){var t=e.data;if((t||t.secret||t.message||t.value)&&!\/[^a-zA-Z0-9]\/.test(t.secret)){for(var s,r,n,a=l.querySelectorAll('iframe[data-secret=\"'+t.secret+'\"]'),o=l.querySelectorAll('blockquote[data-secret=\"'+t.secret+'\"]'),c=new RegExp(\"^https?:$\",\"i\"),i=0;i<o.length;i++)o[i].style.display=\"none\";for(i=0;i<a.length;i++)s=a[i],e.source===s.contentWindow&&(s.removeAttribute(\"style\"),\"height\"===t.message?(1e3<(r=parseInt(t.value,10))?r=1e3:~~r<200&&(r=200),s.height=r):\"link\"===t.message&&(r=new URL(s.getAttribute(\"src\")),n=new URL(t.value),c.test(n.protocol))&&n.host===r.host&&l.activeElement===s&&(d.top.location.href=t.value))}},d.addEventListener(\"message\",d.wp.receiveEmbedMessage,!1),l.addEventListener(\"DOMContentLoaded\",function(){for(var e,t,s=l.querySelectorAll(\"iframe.wp-embedded-content\"),r=0;r<s.length;r++)(t=(e=s[r]).getAttribute(\"data-secret\"))||(t=Math.random().toString(36).substring(2,12),e.src+=\"#?secret=\"+t,e.setAttribute(\"data-secret\",t)),e.contentWindow.postMessage({message:\"ready\",secret:t},\"*\")},!1)))}(window,document);\n<\/script>\n"},"uagb_featured_image_src":{"full":["https:\/\/mayralapaz.com\/wp-content\/uploads\/2025\/04\/Inauguracion-sucursal-de-La-Vega-Seguros-Reservas-2025.jpg",1084,783,false],"thumbnail":["https:\/\/mayralapaz.com\/wp-content\/uploads\/2025\/04\/Inauguracion-sucursal-de-La-Vega-Seguros-Reservas-2025-250x250.jpg",250,250,true],"medium":["https:\/\/mayralapaz.com\/wp-content\/uploads\/2025\/04\/Inauguracion-sucursal-de-La-Vega-Seguros-Reservas-2025-300x217.jpg",300,217,true],"medium_large":["https:\/\/mayralapaz.com\/wp-content\/uploads\/2025\/04\/Inauguracion-sucursal-de-La-Vega-Seguros-Reservas-2025-768x555.jpg",768,555,true],"large":["https:\/\/mayralapaz.com\/wp-content\/uploads\/2025\/04\/Inauguracion-sucursal-de-La-Vega-Seguros-Reservas-2025-1024x740.jpg",1024,740,true],"1536x1536":["https:\/\/mayralapaz.com\/wp-content\/uploads\/2025\/04\/Inauguracion-sucursal-de-La-Vega-Seguros-Reservas-2025.jpg",1084,783,false],"2048x2048":["https:\/\/mayralapaz.com\/wp-content\/uploads\/2025\/04\/Inauguracion-sucursal-de-La-Vega-Seguros-Reservas-2025.jpg",1084,783,false],"woocommerce_archive_thumbnail":["https:\/\/mayralapaz.com\/wp-content\/uploads\/2025\/04\/Inauguracion-sucursal-de-La-Vega-Seguros-Reservas-2025-500x500.jpg",500,500,true],"woocommerce_thumbnail":["https:\/\/mayralapaz.com\/wp-content\/uploads\/2025\/04\/Inauguracion-sucursal-de-La-Vega-Seguros-Reservas-2025-300x300.jpg",300,300,true],"woocommerce_single":["https:\/\/mayralapaz.com\/wp-content\/uploads\/2025\/04\/Inauguracion-sucursal-de-La-Vega-Seguros-Reservas-2025-600x433.jpg",600,433,true],"woocommerce_gallery_thumbnail":["https:\/\/mayralapaz.com\/wp-content\/uploads\/2025\/04\/Inauguracion-sucursal-de-La-Vega-Seguros-Reservas-2025-100x100.jpg",100,100,true]},"uagb_author_info":{"display_name":"Por la Redacci\u00f3n","author_link":"https:\/\/mayralapaz.com\/index.php\/author\/mayra\/"},"uagb_comment_info":3,"uagb_excerpt":"Seguros Reservas abre las puertas de su nueva oficina en La Vega, reafirmando su compromiso de brindar un servicio m\u00e1s cercano, innovador y eficiente a sus clientes. La nueva instalaci\u00f3n, ubicada en el primer nivel de Plaza Imbert Mall, en la intersecci\u00f3n de Av. Imbert y Mario Concepci\u00f3n, brindar\u00e1 servicios de lunes a viernes de&hellip;","_links":{"self":[{"href":"https:\/\/mayralapaz.com\/index.php\/wp-json\/wp\/v2\/posts\/5210","targetHints":{"allow":["GET"]}}],"collection":[{"href":"https:\/\/mayralapaz.com\/index.php\/wp-json\/wp\/v2\/posts"}],"about":[{"href":"https:\/\/mayralapaz.com\/index.php\/wp-json\/wp\/v2\/types\/post"}],"author":[{"embeddable":true,"href":"https:\/\/mayralapaz.com\/index.php\/wp-json\/wp\/v2\/users\/6"}],"replies":[{"embeddable":true,"href":"https:\/\/mayralapaz.com\/index.php\/wp-json\/wp\/v2\/comments?post=5210"}],"version-history":[{"count":1,"href":"https:\/\/mayralapaz.com\/index.php\/wp-json\/wp\/v2\/posts\/5210\/revisions"}],"predecessor-version":[{"id":5214,"href":"https:\/\/mayralapaz.com\/index.php\/wp-json\/wp\/v2\/posts\/5210\/revisions\/5214"}],"wp:featuredmedia":[{"embeddable":true,"href":"https:\/\/mayralapaz.com\/index.php\/wp-json\/wp\/v2\/media\/5212"}],"wp:attachment":[{"href":"https:\/\/mayralapaz.com\/index.php\/wp-json\/wp\/v2\/media?parent=5210"}],"wp:term":[{"taxonomy":"category","embeddable":true,"href":"https:\/\/mayralapaz.com\/index.php\/wp-json\/wp\/v2\/categories?post=5210"},{"taxonomy":"post_tag","embeddable":true,"href":"https:\/\/mayralapaz.com\/index.php\/wp-json\/wp\/v2\/tags?post=5210"},{"taxonomy":"series","embeddable":true,"href":"https:\/\/mayralapaz.com\/index.php\/wp-json\/wp\/v2\/series?post=5210"}],"curies":[{"name":"wp","href":"https:\/\/api.w.org\/{rel}","templated":true}]}}