{"id":4501,"date":"2024-11-21T19:49:41","date_gmt":"2024-11-21T23:49:41","guid":{"rendered":"https:\/\/mayralapaz.com\/?p=4501"},"modified":"2024-11-21T19:49:43","modified_gmt":"2024-11-21T23:49:43","slug":"marky-marcano-celebra-10-anos-con-su-espacio-de-entretenimiento","status":"publish","type":"post","link":"https:\/\/mayralapaz.com\/index.php\/2024\/11\/21\/marky-marcano-celebra-10-anos-con-su-espacio-de-entretenimiento\/","title":{"rendered":"Marky Marcano Celebra 10 a\u00f1os con su espacio de entretenimiento"},"content":{"rendered":"\n<p>Comienza manifestando que no ha sido un proceso f\u00e1cil, pues muchas puertas cerradas en sus inicios, aunque otras se abrieron. Desde ni\u00f1o supo que se dedicar\u00eda al mundo del entretenimiento, pues viene de un ambiente donde la alegr\u00eda, m\u00fasica y cultura son los aspectos que caracterizan su natal Rio Piedra, Puerto Rico. Egresado de la escuela de comunicaci\u00f3n de UCF en Florida.<\/p>\n\n\n\n<p>Est\u00e1 celebrando 10 a\u00f1os al aire con&nbsp;<em>The Marky Marcano Show<\/em>, programa con una estructura de entretenimiento para el p\u00fablico que le sigue, donde m\u00e1s de cien personas se conectan en sus shows en vivo. \u00a8Estos a\u00f1os han sido un proceso de puro aprendizaje para m\u00ed y una bendici\u00f3n poder conocer a tantas personalidades desde mis plataformas sociales y mi espacio informativo de entretenimiento\u00a8, indica.<\/p>\n\n\n\n<p>Marky Marcano con el paso de estos a\u00f1os, ha entrevistado a figuras muy destacadas del mundo del espect\u00e1culo como Danny Rivera, Charlie Cruz, Viti Ruiz y Tony Succar, Osvaldo R\u00edos, Miriam Hern\u00e1ndez, Bobby Valent\u00edn, entre otros. \u201cLa raz\u00f3n de esta plataforma es difundir el talento y las cosas buenas que se hacen en este \u00e1mbito, y eso incluye ayudar a quienes comienzan su carrera tambi\u00e9n\u201d, dice Marcano.<\/p>\n\n\n\n<p>Con su espacio The Marky Marcano Show ha obtenido varios premios, entre ellos, Premios Paoli, como Mejor Show Local Nacional e internacional, Ganador del Premio Ford Latino L\u00edderes Award 2022. Entiende que su aporte a la sociedad es el poder crear una plataforma utilizando las redes sociales para informaci\u00f3n y entretenimiento.<\/p>\n\n\n\n<p><strong>Mensaje para la Juventud<\/strong><\/p>\n\n\n\n<p>Nunca dejes de realizar tus sue\u00f1os si tienes algo en mente y coraz\u00f3n has lo posible de realizarlo no importa lo que digan si no te apoyan si no tienes apoyo de los medios Tv Radio etc. Cuando la idea est\u00e1 hazlo Realidad y dos, la originalidad hace la diferencia, ayuda aquellos sin esperar nada a cambio ni tan siquiera tome cr\u00e9dito del mismo. Sin duda alguna que el se ha convertido en un verdadero representante de los valores latinos en Florida Central.<\/p>\n","protected":false},"excerpt":{"rendered":"Comienza manifestando que no ha sido un proceso f\u00e1cil, pues muchas puertas cerradas en sus inicios, aunque otras se abrieron. Desde ni\u00f1o supo que se dedicar\u00eda al mundo del entretenimiento, pues viene de un ambiente donde la alegr\u00eda, m\u00fasica y cultura son los aspectos que caracterizan su natal Rio Piedra, Puerto Rico. Egresado de la [&hellip;]","protected":false},"author":6,"featured_media":4502,"comment_status":"open","ping_status":"open","sticky":false,"template":"","format":"standard","meta":{"_uag_custom_page_level_css":"","episode_type":"audio","audio_file":"","podmotor_file_id":"","podmotor_episode_id":"","cover_image":"","cover_image_id":"","duration":"","filesize":"","filesize_raw":"","date_recorded":"","explicit":"","block":"","itunes_episode_number":"","itunes_title":"","itunes_season_number":"","itunes_episode_type":"","_jet_sm_ready_style":"","_jet_sm_style":"","_jet_sm_controls_values":"","_jet_sm_fonts_collection":"","_jet_sm_fonts_links":"","_joinchat":[],"footnotes":""},"categories":[39],"tags":[],"series":[],"class_list":["post-4501","post","type-post","status-publish","format-standard","has-post-thumbnail","hentry","category-valor-latino"],"blocksy_meta":[],"episode_featured_image":"https:\/\/mayralapaz.com\/wp-content\/uploads\/2024\/11\/Marky-1080x608-1.jpg","episode_player_image":"https:\/\/mayralapaz.com\/wp-content\/plugins\/seriously-simple-podcasting\/assets\/images\/no-album-art.png","download_link":"","player_link":"","audio_player":false,"episode_data":{"playerMode":"light","subscribeUrls":{"apple_podcasts":{"key":"apple_podcasts","url":"","label":"Apple Podcasts","class":"apple_podcasts","icon":"apple-podcasts.png"},"stitcher":{"key":"stitcher","url":"","label":"Stitcher","class":"stitcher","icon":"stitcher.png"},"google_podcasts":{"key":"google_podcasts","url":"","label":"Google Podcasts","class":"google_podcasts","icon":"google-podcasts.png"},"spotify":{"key":"spotify","url":"","label":"Spotify","class":"spotify","icon":"spotify.png"}},"rssFeedUrl":"https:\/\/mayralapaz.com\/feed\/podcast\/mayra-la-paz","embedCode":"<blockquote class=\"wp-embedded-content\" data-secret=\"a4omh6Flbb\"><a href=\"https:\/\/mayralapaz.com\/index.php\/2024\/11\/21\/marky-marcano-celebra-10-anos-con-su-espacio-de-entretenimiento\/\">Marky Marcano Celebra 10 a\u00f1os con su espacio de entretenimiento<\/a><\/blockquote><iframe sandbox=\"allow-scripts\" security=\"restricted\" src=\"https:\/\/mayralapaz.com\/index.php\/2024\/11\/21\/marky-marcano-celebra-10-anos-con-su-espacio-de-entretenimiento\/embed\/#?secret=a4omh6Flbb\" width=\"500\" height=\"350\" title=\"\u00abMarky Marcano Celebra 10 a\u00f1os con su espacio de entretenimiento\u00bb \u2014 Mayra La Paz\" data-secret=\"a4omh6Flbb\" frameborder=\"0\" marginwidth=\"0\" marginheight=\"0\" scrolling=\"no\" class=\"wp-embedded-content\"><\/iframe><script>\n\/*! This file is auto-generated *\/\n!function(d,l){\"use strict\";l.querySelector&&d.addEventListener&&\"undefined\"!=typeof URL&&(d.wp=d.wp||{},d.wp.receiveEmbedMessage||(d.wp.receiveEmbedMessage=function(e){var t=e.data;if((t||t.secret||t.message||t.value)&&!\/[^a-zA-Z0-9]\/.test(t.secret)){for(var s,r,n,a=l.querySelectorAll('iframe[data-secret=\"'+t.secret+'\"]'),o=l.querySelectorAll('blockquote[data-secret=\"'+t.secret+'\"]'),c=new RegExp(\"^https?:$\",\"i\"),i=0;i<o.length;i++)o[i].style.display=\"none\";for(i=0;i<a.length;i++)s=a[i],e.source===s.contentWindow&&(s.removeAttribute(\"style\"),\"height\"===t.message?(1e3<(r=parseInt(t.value,10))?r=1e3:~~r<200&&(r=200),s.height=r):\"link\"===t.message&&(r=new URL(s.getAttribute(\"src\")),n=new URL(t.value),c.test(n.protocol))&&n.host===r.host&&l.activeElement===s&&(d.top.location.href=t.value))}},d.addEventListener(\"message\",d.wp.receiveEmbedMessage,!1),l.addEventListener(\"DOMContentLoaded\",function(){for(var e,t,s=l.querySelectorAll(\"iframe.wp-embedded-content\"),r=0;r<s.length;r++)(t=(e=s[r]).getAttribute(\"data-secret\"))||(t=Math.random().toString(36).substring(2,12),e.src+=\"#?secret=\"+t,e.setAttribute(\"data-secret\",t)),e.contentWindow.postMessage({message:\"ready\",secret:t},\"*\")},!1)))}(window,document);\n<\/script>\n"},"uagb_featured_image_src":{"full":["https:\/\/mayralapaz.com\/wp-content\/uploads\/2024\/11\/Marky-1080x608-1.jpg",1080,608,false],"thumbnail":["https:\/\/mayralapaz.com\/wp-content\/uploads\/2024\/11\/Marky-1080x608-1-250x250.jpg",250,250,true],"medium":["https:\/\/mayralapaz.com\/wp-content\/uploads\/2024\/11\/Marky-1080x608-1-300x169.jpg",300,169,true],"medium_large":["https:\/\/mayralapaz.com\/wp-content\/uploads\/2024\/11\/Marky-1080x608-1-768x432.jpg",768,432,true],"large":["https:\/\/mayralapaz.com\/wp-content\/uploads\/2024\/11\/Marky-1080x608-1-1024x576.jpg",1024,576,true],"1536x1536":["https:\/\/mayralapaz.com\/wp-content\/uploads\/2024\/11\/Marky-1080x608-1.jpg",1080,608,false],"2048x2048":["https:\/\/mayralapaz.com\/wp-content\/uploads\/2024\/11\/Marky-1080x608-1.jpg",1080,608,false],"woocommerce_archive_thumbnail":["https:\/\/mayralapaz.com\/wp-content\/uploads\/2024\/11\/Marky-1080x608-1-500x500.jpg",500,500,true],"woocommerce_thumbnail":["https:\/\/mayralapaz.com\/wp-content\/uploads\/2024\/11\/Marky-1080x608-1-300x300.jpg",300,300,true],"woocommerce_single":["https:\/\/mayralapaz.com\/wp-content\/uploads\/2024\/11\/Marky-1080x608-1-600x338.jpg",600,338,true],"woocommerce_gallery_thumbnail":["https:\/\/mayralapaz.com\/wp-content\/uploads\/2024\/11\/Marky-1080x608-1-100x100.jpg",100,100,true]},"uagb_author_info":{"display_name":"Por la Redacci\u00f3n","author_link":"https:\/\/mayralapaz.com\/index.php\/author\/mayra\/"},"uagb_comment_info":0,"uagb_excerpt":"Comienza manifestando que no ha sido un proceso f\u00e1cil, pues muchas puertas cerradas en sus inicios, aunque otras se abrieron. Desde ni\u00f1o supo que se dedicar\u00eda al mundo del entretenimiento, pues viene de un ambiente donde la alegr\u00eda, m\u00fasica y cultura son los aspectos que caracterizan su natal Rio Piedra, Puerto Rico. Egresado de la&hellip;","_links":{"self":[{"href":"https:\/\/mayralapaz.com\/index.php\/wp-json\/wp\/v2\/posts\/4501","targetHints":{"allow":["GET"]}}],"collection":[{"href":"https:\/\/mayralapaz.com\/index.php\/wp-json\/wp\/v2\/posts"}],"about":[{"href":"https:\/\/mayralapaz.com\/index.php\/wp-json\/wp\/v2\/types\/post"}],"author":[{"embeddable":true,"href":"https:\/\/mayralapaz.com\/index.php\/wp-json\/wp\/v2\/users\/6"}],"replies":[{"embeddable":true,"href":"https:\/\/mayralapaz.com\/index.php\/wp-json\/wp\/v2\/comments?post=4501"}],"version-history":[{"count":1,"href":"https:\/\/mayralapaz.com\/index.php\/wp-json\/wp\/v2\/posts\/4501\/revisions"}],"predecessor-version":[{"id":4503,"href":"https:\/\/mayralapaz.com\/index.php\/wp-json\/wp\/v2\/posts\/4501\/revisions\/4503"}],"wp:featuredmedia":[{"embeddable":true,"href":"https:\/\/mayralapaz.com\/index.php\/wp-json\/wp\/v2\/media\/4502"}],"wp:attachment":[{"href":"https:\/\/mayralapaz.com\/index.php\/wp-json\/wp\/v2\/media?parent=4501"}],"wp:term":[{"taxonomy":"category","embeddable":true,"href":"https:\/\/mayralapaz.com\/index.php\/wp-json\/wp\/v2\/categories?post=4501"},{"taxonomy":"post_tag","embeddable":true,"href":"https:\/\/mayralapaz.com\/index.php\/wp-json\/wp\/v2\/tags?post=4501"},{"taxonomy":"series","embeddable":true,"href":"https:\/\/mayralapaz.com\/index.php\/wp-json\/wp\/v2\/series?post=4501"}],"curies":[{"name":"wp","href":"https:\/\/api.w.org\/{rel}","templated":true}]}}