{"id":4498,"date":"2024-11-21T19:43:16","date_gmt":"2024-11-21T23:43:16","guid":{"rendered":"https:\/\/mayralapaz.com\/?p=4498"},"modified":"2024-11-21T19:44:24","modified_gmt":"2024-11-21T23:44:24","slug":"victor-po-es-arte-y-comunicacion","status":"publish","type":"post","link":"https:\/\/mayralapaz.com\/index.php\/2024\/11\/21\/victor-po-es-arte-y-comunicacion\/","title":{"rendered":"V\u00edctor Po\u00a0es arte y comunicaci\u00f3n"},"content":{"rendered":"\n<p>Una trayectoria de \u00e9xitos en la comunicaci\u00f3n y el arte musical. Este joven dominicano egresado de la Universidad Aut\u00f3noma de Santo Domingo de la escuela de periodismo y la escuela nacional de locuci\u00f3n de Otto Rivera, supo conjugar muy bien sus dones de artistas y de medios.<\/p>\n\n\n\n<p>Cuando hablamos de V\u00edctor Po, de una familia de artistas que&nbsp;naci\u00f3 en Santo Domingo, Rep\u00fablica Dominicana en el seno de una humilde familia formada por los se\u00f1ores Casimiro Polanco y Carmen Salda\u00f1a. Sus hermanos Jos\u00e9, Angela y Rey. Po comenz\u00f3 su carrera musical a los diez a\u00f1os junto a su hermano Jos\u00e9 formando el d\u00fao \u201cLos Ni\u00f1os Cantores\u201d.&nbsp;&nbsp;<\/p>\n\n\n\n<p>En 1997 graba su primer \u00e1lbum&nbsp;<strong>\u00abSuena Guitarra, Ya es hora\u00bb<\/strong>&nbsp;donde incluye una canci\u00f3n de su autor\u00eda titulada \u00abMar\u00eda\u00bb, inspirada en Mar\u00eda Blanco con quien contrae matrimonio en 1994. De esta uni\u00f3n nacieron Vickmary en 1995 y las gemelas G\u00e9nesis y Jazm\u00edn en 2003.&nbsp;Luego de trabajar en importantes medios y radio estaci\u00f3n en Rep\u00fablica Dominicana llega a la Florida Central en el 2006 en busca de ampliar su radio de acci\u00f3n profesional y lo seguimos en&nbsp;<strong>iHEART RADIO.<\/strong><\/p>\n\n\n\n<p>V\u00edctor Po es uno de los cantautores y animadores m\u00e1s exitosos y carism\u00e1ticos de la regi\u00f3n, gracias a un p\u00fablico maravilloso que le sigue a todos sus eventos. Lo vemos mucho en las tertulias 4 gatos apoyando siempre el arte.&nbsp;Veamos algunas preguntas para este exitoso valor latino.<\/p>\n\n\n\n<p><strong>\u00bfCu\u00e1l es la historia o el significado detr\u00e1s de la letra de tus canciones en particular?<\/strong><\/p>\n\n\n\n<p>Po: Mis canciones son inspiraciones, vivencias o mensajes divinos como en&nbsp;<strong>\u00abHoy Quiero Agradecerte\u00bb<\/strong>&nbsp;donde doy gracias a Dios por tantas bendiciones recibidas.<\/p>\n\n\n\n<p><strong>\u00bfCu\u00e1les son los desaf\u00edos m\u00e1s comunes al interpretar tus canciones y c\u00f3mo los superas?<\/strong><\/p>\n\n\n\n<p>Po: Uno de los m\u00e1s grandes desaf\u00edos es lograr que el auditorio conecte con el mensaje de casa interpretaci\u00f3n.&nbsp;<\/p>\n\n\n\n<p><strong>\u00bfC\u00f3mo te preparas para darle vida a la emoci\u00f3n y el mensaje de la canci\u00f3n durante tus interpretaciones?<\/strong><\/p>\n\n\n\n<p>Po: Antes de cada evento dedico un momento para relajarme y ponerme en disposici\u00f3n de transmitir el mensaje de cada canci\u00f3n.<\/p>\n\n\n\n<p><strong>\u00bfCu\u00e1les son tus m\u00e9todos para asegurarte de transmitir la esencia y el estilo del artista original al interpretar tus canciones?<\/strong><\/p>\n\n\n\n<p>Po: Cuando interpreto una canci\u00f3n me ocupo de conocer la historia del tema, lo que sent\u00eda el compositor al concebir la obra.<\/p>\n\n\n\n<p><strong>\u00bfQu\u00e9 consideraciones t\u00e9cnicas tomas en cuenta al interpretar en vivo para asegurarte de ofrecer la mejor calidad de sonido y rendimiento al p\u00fablico?<\/strong><\/p>\n\n\n\n<p>Po: Al interpretar en vivo me aseguro de que el equipo de sonido, bocinas, micr\u00f3fonos tengan la capacidad para que el p\u00fablico reciba nuestra expresi\u00f3n musical con la m\u00e1s alta calidad.<\/p>\n\n\n\n<p><strong>LOS HERMANOS PO<\/strong>&nbsp;<\/p>\n\n\n\n<p>V\u00edctor se ha reencontrado musicalmente con sus hermanos Jos\u00e9 y Rey formando el Grupo Hermanos Polanco. En Orlando, Florida se han establecido, realizando conciertos y actividades privadas. Los Hermanos Polanco tienen presencia en todas las redes sociales bajo @hermanospomusic.&nbsp;<\/p>\n\n\n\n<p>se han establecido realizando conciertos y actividades privadas&nbsp;<\/p>\n\n\n\n<p>&nbsp;Visita:&nbsp;<\/p>\n\n\n\n<p><a href=\"http:\/\/www.victorpo.com\/\">www.victorpo.com<\/a>&nbsp;<\/p>\n","protected":false},"excerpt":{"rendered":"Una trayectoria de \u00e9xitos en la comunicaci\u00f3n y el arte musical. Este joven dominicano egresado de la Universidad Aut\u00f3noma de Santo Domingo de la escuela de periodismo y la escuela nacional de locuci\u00f3n de Otto Rivera, supo conjugar muy bien sus dones de artistas y de medios. Cuando hablamos de V\u00edctor Po, de una familia [&hellip;]","protected":false},"author":6,"featured_media":4499,"comment_status":"open","ping_status":"open","sticky":false,"template":"","format":"standard","meta":{"_uag_custom_page_level_css":"","episode_type":"audio","audio_file":"","podmotor_file_id":"","podmotor_episode_id":"","cover_image":"","cover_image_id":"","duration":"","filesize":"","filesize_raw":"","date_recorded":"","explicit":"","block":"","itunes_episode_number":"","itunes_title":"","itunes_season_number":"","itunes_episode_type":"","_jet_sm_ready_style":"","_jet_sm_style":"","_jet_sm_controls_values":"","_jet_sm_fonts_collection":"","_jet_sm_fonts_links":"","_joinchat":[],"footnotes":""},"categories":[39],"tags":[],"series":[],"class_list":["post-4498","post","type-post","status-publish","format-standard","has-post-thumbnail","hentry","category-valor-latino"],"blocksy_meta":[],"episode_featured_image":"https:\/\/mayralapaz.com\/wp-content\/uploads\/2024\/11\/victor-pood.jpg","episode_player_image":"https:\/\/mayralapaz.com\/wp-content\/plugins\/seriously-simple-podcasting\/assets\/images\/no-album-art.png","download_link":"","player_link":"","audio_player":false,"episode_data":{"playerMode":"light","subscribeUrls":{"apple_podcasts":{"key":"apple_podcasts","url":"","label":"Apple Podcasts","class":"apple_podcasts","icon":"apple-podcasts.png"},"stitcher":{"key":"stitcher","url":"","label":"Stitcher","class":"stitcher","icon":"stitcher.png"},"google_podcasts":{"key":"google_podcasts","url":"","label":"Google Podcasts","class":"google_podcasts","icon":"google-podcasts.png"},"spotify":{"key":"spotify","url":"","label":"Spotify","class":"spotify","icon":"spotify.png"}},"rssFeedUrl":"https:\/\/mayralapaz.com\/feed\/podcast\/mayra-la-paz","embedCode":"<blockquote class=\"wp-embedded-content\" data-secret=\"9noGfP0hwI\"><a href=\"https:\/\/mayralapaz.com\/index.php\/2024\/11\/21\/victor-po-es-arte-y-comunicacion\/\">V\u00edctor Po\u00a0es arte y comunicaci\u00f3n<\/a><\/blockquote><iframe sandbox=\"allow-scripts\" security=\"restricted\" src=\"https:\/\/mayralapaz.com\/index.php\/2024\/11\/21\/victor-po-es-arte-y-comunicacion\/embed\/#?secret=9noGfP0hwI\" width=\"500\" height=\"350\" title=\"\u00abV\u00edctor Po\u00a0es arte y comunicaci\u00f3n\u00bb \u2014 Mayra La Paz\" data-secret=\"9noGfP0hwI\" frameborder=\"0\" marginwidth=\"0\" marginheight=\"0\" scrolling=\"no\" class=\"wp-embedded-content\"><\/iframe><script>\n\/*! This file is auto-generated *\/\n!function(d,l){\"use strict\";l.querySelector&&d.addEventListener&&\"undefined\"!=typeof URL&&(d.wp=d.wp||{},d.wp.receiveEmbedMessage||(d.wp.receiveEmbedMessage=function(e){var t=e.data;if((t||t.secret||t.message||t.value)&&!\/[^a-zA-Z0-9]\/.test(t.secret)){for(var s,r,n,a=l.querySelectorAll('iframe[data-secret=\"'+t.secret+'\"]'),o=l.querySelectorAll('blockquote[data-secret=\"'+t.secret+'\"]'),c=new RegExp(\"^https?:$\",\"i\"),i=0;i<o.length;i++)o[i].style.display=\"none\";for(i=0;i<a.length;i++)s=a[i],e.source===s.contentWindow&&(s.removeAttribute(\"style\"),\"height\"===t.message?(1e3<(r=parseInt(t.value,10))?r=1e3:~~r<200&&(r=200),s.height=r):\"link\"===t.message&&(r=new URL(s.getAttribute(\"src\")),n=new URL(t.value),c.test(n.protocol))&&n.host===r.host&&l.activeElement===s&&(d.top.location.href=t.value))}},d.addEventListener(\"message\",d.wp.receiveEmbedMessage,!1),l.addEventListener(\"DOMContentLoaded\",function(){for(var e,t,s=l.querySelectorAll(\"iframe.wp-embedded-content\"),r=0;r<s.length;r++)(t=(e=s[r]).getAttribute(\"data-secret\"))||(t=Math.random().toString(36).substring(2,12),e.src+=\"#?secret=\"+t,e.setAttribute(\"data-secret\",t)),e.contentWindow.postMessage({message:\"ready\",secret:t},\"*\")},!1)))}(window,document);\n<\/script>\n"},"uagb_featured_image_src":{"full":["https:\/\/mayralapaz.com\/wp-content\/uploads\/2024\/11\/victor-pood.jpg",980,551,false],"thumbnail":["https:\/\/mayralapaz.com\/wp-content\/uploads\/2024\/11\/victor-pood-250x250.jpg",250,250,true],"medium":["https:\/\/mayralapaz.com\/wp-content\/uploads\/2024\/11\/victor-pood-300x169.jpg",300,169,true],"medium_large":["https:\/\/mayralapaz.com\/wp-content\/uploads\/2024\/11\/victor-pood-768x432.jpg",768,432,true],"large":["https:\/\/mayralapaz.com\/wp-content\/uploads\/2024\/11\/victor-pood.jpg",980,551,false],"1536x1536":["https:\/\/mayralapaz.com\/wp-content\/uploads\/2024\/11\/victor-pood.jpg",980,551,false],"2048x2048":["https:\/\/mayralapaz.com\/wp-content\/uploads\/2024\/11\/victor-pood.jpg",980,551,false],"woocommerce_archive_thumbnail":["https:\/\/mayralapaz.com\/wp-content\/uploads\/2024\/11\/victor-pood-500x500.jpg",500,500,true],"woocommerce_thumbnail":["https:\/\/mayralapaz.com\/wp-content\/uploads\/2024\/11\/victor-pood-300x300.jpg",300,300,true],"woocommerce_single":["https:\/\/mayralapaz.com\/wp-content\/uploads\/2024\/11\/victor-pood-600x337.jpg",600,337,true],"woocommerce_gallery_thumbnail":["https:\/\/mayralapaz.com\/wp-content\/uploads\/2024\/11\/victor-pood-100x100.jpg",100,100,true]},"uagb_author_info":{"display_name":"Por la Redacci\u00f3n","author_link":"https:\/\/mayralapaz.com\/index.php\/author\/mayra\/"},"uagb_comment_info":0,"uagb_excerpt":"Una trayectoria de \u00e9xitos en la comunicaci\u00f3n y el arte musical. Este joven dominicano egresado de la Universidad Aut\u00f3noma de Santo Domingo de la escuela de periodismo y la escuela nacional de locuci\u00f3n de Otto Rivera, supo conjugar muy bien sus dones de artistas y de medios. Cuando hablamos de V\u00edctor Po, de una familia&hellip;","_links":{"self":[{"href":"https:\/\/mayralapaz.com\/index.php\/wp-json\/wp\/v2\/posts\/4498","targetHints":{"allow":["GET"]}}],"collection":[{"href":"https:\/\/mayralapaz.com\/index.php\/wp-json\/wp\/v2\/posts"}],"about":[{"href":"https:\/\/mayralapaz.com\/index.php\/wp-json\/wp\/v2\/types\/post"}],"author":[{"embeddable":true,"href":"https:\/\/mayralapaz.com\/index.php\/wp-json\/wp\/v2\/users\/6"}],"replies":[{"embeddable":true,"href":"https:\/\/mayralapaz.com\/index.php\/wp-json\/wp\/v2\/comments?post=4498"}],"version-history":[{"count":1,"href":"https:\/\/mayralapaz.com\/index.php\/wp-json\/wp\/v2\/posts\/4498\/revisions"}],"predecessor-version":[{"id":4500,"href":"https:\/\/mayralapaz.com\/index.php\/wp-json\/wp\/v2\/posts\/4498\/revisions\/4500"}],"wp:featuredmedia":[{"embeddable":true,"href":"https:\/\/mayralapaz.com\/index.php\/wp-json\/wp\/v2\/media\/4499"}],"wp:attachment":[{"href":"https:\/\/mayralapaz.com\/index.php\/wp-json\/wp\/v2\/media?parent=4498"}],"wp:term":[{"taxonomy":"category","embeddable":true,"href":"https:\/\/mayralapaz.com\/index.php\/wp-json\/wp\/v2\/categories?post=4498"},{"taxonomy":"post_tag","embeddable":true,"href":"https:\/\/mayralapaz.com\/index.php\/wp-json\/wp\/v2\/tags?post=4498"},{"taxonomy":"series","embeddable":true,"href":"https:\/\/mayralapaz.com\/index.php\/wp-json\/wp\/v2\/series?post=4498"}],"curies":[{"name":"wp","href":"https:\/\/api.w.org\/{rel}","templated":true}]}}