{"id":4199,"date":"2024-10-18T15:59:12","date_gmt":"2024-10-18T19:59:12","guid":{"rendered":"https:\/\/mayralapaz.com\/?p=4199"},"modified":"2024-10-18T15:59:13","modified_gmt":"2024-10-18T19:59:13","slug":"italia-ministra-de-cultura-rd-fortalece-alianzas-con-la-iila","status":"publish","type":"post","link":"https:\/\/mayralapaz.com\/index.php\/2024\/10\/18\/italia-ministra-de-cultura-rd-fortalece-alianzas-con-la-iila\/","title":{"rendered":"ITALIA: Ministra de Cultura RD fortalece alianzas con la IILA"},"content":{"rendered":"\n<p>&nbsp;La ministra de Cultura de la Rep\u00fablica Dominicana, Milagros Germ\u00e1n, sostuvo un encuentro bilateral con la secretaria general del Instituto \u00cdtalo-Latinoamericano (IILA),<br>Antonella Cavallari, en la sede de dicha organizaci\u00f3n.<\/p>\n\n\n\n<p>La reuni\u00f3n fue coordinada por el embajador de la Rep\u00fablica Dominicana en Italia, Tony Raful.<\/p>\n\n\n\n<p>Durante el encuentro, se discutieron los principales logros y proyectos desarrollados entre la secretaria Cultural de la IILA y el Ministerio de Cultura de la Rep\u00fablica Dominicana, as\u00ed como las iniciativas propuestas en el plan operativo anual de la instituci\u00f3n.<\/p>\n\n\n\n<p>Germ\u00e1n plante\u00f3 el inter\u00e9s de su pa\u00eds en fortalecer la cooperaci\u00f3n en la preservaci\u00f3n del patrimonio cultural dominicano mediante la creaci\u00f3n de una unidad especializada denominada \u00abLos Cascos Azules de la Cultura\u00bb, que la Rep\u00fablica Dominicana planea establecer pr\u00f3ximamente.<\/p>\n\n\n\n<p>Esta unidad tendr\u00eda como misi\u00f3n la protecci\u00f3n del patrimonio cultural en situaciones de cat\u00e1strofes, riesgos y emergencias de seguridad.<\/p>\n\n\n\n<p>La propuesta se enmarca en las actividades de formaci\u00f3n que la IILA ha venido desarrollando durante los \u00faltimos dos a\u00f1os, con el financiamiento de la Direcci\u00f3n General de Cooperaci\u00f3n al Desarrollo<br>del Ministerio de Asuntos Exteriores de Italia (DGCS-MAECI), de las cuales la Rep\u00fablica Dominicana ha sido beneficiaria a trav\u00e9s de distintas instancias del Estado.<\/p>\n\n\n\n<p>El objetivo es la creaci\u00f3n de una fuerza de tarea \u00edtalo-latinoamericana para la protecci\u00f3n del patrimonio cultural.<\/p>\n","protected":false},"excerpt":{"rendered":"&nbsp;La ministra de Cultura de la Rep\u00fablica Dominicana, Milagros Germ\u00e1n, sostuvo un encuentro bilateral con la secretaria general del Instituto \u00cdtalo-Latinoamericano (IILA),Antonella Cavallari, en la sede de dicha organizaci\u00f3n. La reuni\u00f3n fue coordinada por el embajador de la Rep\u00fablica Dominicana en Italia, Tony Raful. Durante el encuentro, se discutieron los principales logros y proyectos desarrollados [&hellip;]","protected":false},"author":6,"featured_media":4200,"comment_status":"open","ping_status":"open","sticky":false,"template":"","format":"standard","meta":{"_uag_custom_page_level_css":"","episode_type":"audio","audio_file":"","podmotor_file_id":"","podmotor_episode_id":"","cover_image":"","cover_image_id":"","duration":"","filesize":"","filesize_raw":"","date_recorded":"","explicit":"","block":"","itunes_episode_number":"","itunes_title":"","itunes_season_number":"","itunes_episode_type":"","_jet_sm_ready_style":"","_jet_sm_style":"","_jet_sm_controls_values":"","_jet_sm_fonts_collection":"","_jet_sm_fonts_links":"","_joinchat":[],"footnotes":""},"categories":[36],"tags":[],"series":[],"class_list":["post-4199","post","type-post","status-publish","format-standard","has-post-thumbnail","hentry","category-dominicanos-en-el-exterior"],"blocksy_meta":[],"episode_featured_image":"https:\/\/mayralapaz.com\/wp-content\/uploads\/2024\/10\/IILA.jpg","episode_player_image":"https:\/\/mayralapaz.com\/wp-content\/plugins\/seriously-simple-podcasting\/assets\/images\/no-album-art.png","download_link":"","player_link":"","audio_player":false,"episode_data":{"playerMode":"light","subscribeUrls":{"apple_podcasts":{"key":"apple_podcasts","url":"","label":"Apple Podcasts","class":"apple_podcasts","icon":"apple-podcasts.png"},"stitcher":{"key":"stitcher","url":"","label":"Stitcher","class":"stitcher","icon":"stitcher.png"},"google_podcasts":{"key":"google_podcasts","url":"","label":"Google Podcasts","class":"google_podcasts","icon":"google-podcasts.png"},"spotify":{"key":"spotify","url":"","label":"Spotify","class":"spotify","icon":"spotify.png"}},"rssFeedUrl":"https:\/\/mayralapaz.com\/feed\/podcast\/mayra-la-paz","embedCode":"<blockquote class=\"wp-embedded-content\" data-secret=\"svHgbQEM4R\"><a href=\"https:\/\/mayralapaz.com\/index.php\/2024\/10\/18\/italia-ministra-de-cultura-rd-fortalece-alianzas-con-la-iila\/\">ITALIA: Ministra de Cultura RD fortalece alianzas con la IILA<\/a><\/blockquote><iframe sandbox=\"allow-scripts\" security=\"restricted\" src=\"https:\/\/mayralapaz.com\/index.php\/2024\/10\/18\/italia-ministra-de-cultura-rd-fortalece-alianzas-con-la-iila\/embed\/#?secret=svHgbQEM4R\" width=\"500\" height=\"350\" title=\"\u00abITALIA: Ministra de Cultura RD fortalece alianzas con la IILA\u00bb \u2014 Mayra La Paz\" data-secret=\"svHgbQEM4R\" frameborder=\"0\" marginwidth=\"0\" marginheight=\"0\" scrolling=\"no\" class=\"wp-embedded-content\"><\/iframe><script>\n\/*! This file is auto-generated *\/\n!function(d,l){\"use strict\";l.querySelector&&d.addEventListener&&\"undefined\"!=typeof URL&&(d.wp=d.wp||{},d.wp.receiveEmbedMessage||(d.wp.receiveEmbedMessage=function(e){var t=e.data;if((t||t.secret||t.message||t.value)&&!\/[^a-zA-Z0-9]\/.test(t.secret)){for(var s,r,n,a=l.querySelectorAll('iframe[data-secret=\"'+t.secret+'\"]'),o=l.querySelectorAll('blockquote[data-secret=\"'+t.secret+'\"]'),c=new RegExp(\"^https?:$\",\"i\"),i=0;i<o.length;i++)o[i].style.display=\"none\";for(i=0;i<a.length;i++)s=a[i],e.source===s.contentWindow&&(s.removeAttribute(\"style\"),\"height\"===t.message?(1e3<(r=parseInt(t.value,10))?r=1e3:~~r<200&&(r=200),s.height=r):\"link\"===t.message&&(r=new URL(s.getAttribute(\"src\")),n=new URL(t.value),c.test(n.protocol))&&n.host===r.host&&l.activeElement===s&&(d.top.location.href=t.value))}},d.addEventListener(\"message\",d.wp.receiveEmbedMessage,!1),l.addEventListener(\"DOMContentLoaded\",function(){for(var e,t,s=l.querySelectorAll(\"iframe.wp-embedded-content\"),r=0;r<s.length;r++)(t=(e=s[r]).getAttribute(\"data-secret\"))||(t=Math.random().toString(36).substring(2,12),e.src+=\"#?secret=\"+t,e.setAttribute(\"data-secret\",t)),e.contentWindow.postMessage({message:\"ready\",secret:t},\"*\")},!1)))}(window,document);\n<\/script>\n"},"uagb_featured_image_src":{"full":["https:\/\/mayralapaz.com\/wp-content\/uploads\/2024\/10\/IILA.jpg",1085,742,false],"thumbnail":["https:\/\/mayralapaz.com\/wp-content\/uploads\/2024\/10\/IILA-250x250.jpg",250,250,true],"medium":["https:\/\/mayralapaz.com\/wp-content\/uploads\/2024\/10\/IILA-300x205.jpg",300,205,true],"medium_large":["https:\/\/mayralapaz.com\/wp-content\/uploads\/2024\/10\/IILA-768x525.jpg",768,525,true],"large":["https:\/\/mayralapaz.com\/wp-content\/uploads\/2024\/10\/IILA-1024x700.jpg",1024,700,true],"1536x1536":["https:\/\/mayralapaz.com\/wp-content\/uploads\/2024\/10\/IILA.jpg",1085,742,false],"2048x2048":["https:\/\/mayralapaz.com\/wp-content\/uploads\/2024\/10\/IILA.jpg",1085,742,false],"woocommerce_archive_thumbnail":["https:\/\/mayralapaz.com\/wp-content\/uploads\/2024\/10\/IILA-500x500.jpg",500,500,true],"woocommerce_thumbnail":["https:\/\/mayralapaz.com\/wp-content\/uploads\/2024\/10\/IILA-300x300.jpg",300,300,true],"woocommerce_single":["https:\/\/mayralapaz.com\/wp-content\/uploads\/2024\/10\/IILA-600x410.jpg",600,410,true],"woocommerce_gallery_thumbnail":["https:\/\/mayralapaz.com\/wp-content\/uploads\/2024\/10\/IILA-100x100.jpg",100,100,true]},"uagb_author_info":{"display_name":"Por la Redacci\u00f3n","author_link":"https:\/\/mayralapaz.com\/index.php\/author\/mayra\/"},"uagb_comment_info":0,"uagb_excerpt":"&nbsp;La ministra de Cultura de la Rep\u00fablica Dominicana, Milagros Germ\u00e1n, sostuvo un encuentro bilateral con la secretaria general del Instituto \u00cdtalo-Latinoamericano (IILA),Antonella Cavallari, en la sede de dicha organizaci\u00f3n. La reuni\u00f3n fue coordinada por el embajador de la Rep\u00fablica Dominicana en Italia, Tony Raful. Durante el encuentro, se discutieron los principales logros y proyectos desarrollados&hellip;","_links":{"self":[{"href":"https:\/\/mayralapaz.com\/index.php\/wp-json\/wp\/v2\/posts\/4199","targetHints":{"allow":["GET"]}}],"collection":[{"href":"https:\/\/mayralapaz.com\/index.php\/wp-json\/wp\/v2\/posts"}],"about":[{"href":"https:\/\/mayralapaz.com\/index.php\/wp-json\/wp\/v2\/types\/post"}],"author":[{"embeddable":true,"href":"https:\/\/mayralapaz.com\/index.php\/wp-json\/wp\/v2\/users\/6"}],"replies":[{"embeddable":true,"href":"https:\/\/mayralapaz.com\/index.php\/wp-json\/wp\/v2\/comments?post=4199"}],"version-history":[{"count":1,"href":"https:\/\/mayralapaz.com\/index.php\/wp-json\/wp\/v2\/posts\/4199\/revisions"}],"predecessor-version":[{"id":4201,"href":"https:\/\/mayralapaz.com\/index.php\/wp-json\/wp\/v2\/posts\/4199\/revisions\/4201"}],"wp:featuredmedia":[{"embeddable":true,"href":"https:\/\/mayralapaz.com\/index.php\/wp-json\/wp\/v2\/media\/4200"}],"wp:attachment":[{"href":"https:\/\/mayralapaz.com\/index.php\/wp-json\/wp\/v2\/media?parent=4199"}],"wp:term":[{"taxonomy":"category","embeddable":true,"href":"https:\/\/mayralapaz.com\/index.php\/wp-json\/wp\/v2\/categories?post=4199"},{"taxonomy":"post_tag","embeddable":true,"href":"https:\/\/mayralapaz.com\/index.php\/wp-json\/wp\/v2\/tags?post=4199"},{"taxonomy":"series","embeddable":true,"href":"https:\/\/mayralapaz.com\/index.php\/wp-json\/wp\/v2\/series?post=4199"}],"curies":[{"name":"wp","href":"https:\/\/api.w.org\/{rel}","templated":true}]}}