{"id":4133,"date":"2024-10-18T13:47:27","date_gmt":"2024-10-18T17:47:27","guid":{"rendered":"https:\/\/mayralapaz.com\/?p=4133"},"modified":"2024-10-18T13:47:29","modified_gmt":"2024-10-18T17:47:29","slug":"partido-de-gobierno-pondera-las-propuestas-sociales-sobre-reforma-fiscal","status":"publish","type":"post","link":"https:\/\/mayralapaz.com\/index.php\/2024\/10\/18\/partido-de-gobierno-pondera-las-propuestas-sociales-sobre-reforma-fiscal\/","title":{"rendered":"Partido de gobierno pondera las propuestas sociales sobre reforma fiscal"},"content":{"rendered":"\n<p>&nbsp;El Partido Revolucionario Moderno (PRM) en Santo Domingo Norte ponder\u00f3 las sugerencias de diferentes sectores sociales sobre el proyecto de reforma y modernizaci\u00f3n fiscal.<\/p>\n\n\n\n<p>El Comit\u00e9 Municipal del PRM calific\u00f3 de atinada y sensata la postura del presidente Lu\u00eds Abinader de que sean escuchadas las propuestas a los cambios depositados por el Ejecutivo ante el Congreso Nacional.<\/p>\n\n\n\n<p>Record\u00f3 que el mandatario siempre mostr\u00f3 disposici\u00f3n a valorar y consensuar las opiniones de la poblaci\u00f3n sobre temas de inter\u00e9s nacional planteados por su gobierno.<\/p>\n\n\n\n<p>Isidro Torres y C\u00e1ndido Mambr\u00fa, presidente y secretario general, respectivamente, del Comit\u00e9, indicaron que las C\u00e1maras legislativas continuar\u00e1n oyendo en vistas p\u00fablicas a distintos sectores sociales.<\/p>\n\n\n\n<p>Estos grupos, precisaron, podr\u00edan sentirse afectados por el impacto que tendr\u00eda la propuesta de modernizaci\u00f3n fiscal, planteada al pa\u00eds para&nbsp;&nbsp;corregir las distorsiones que afectan al sistema tributario.<\/p>\n\n\n\n<p><strong>DISTORSIONES GENERAN EVASIONES<\/strong><\/p>\n\n\n\n<p>\u00abEstas distorsiones, a\u00f1adieron, generaron durante d\u00e9cadas evasiones y grandes privilegios para reducidos grupos, con sus secuelas de permanentes endeudamientos externos e inequidad social\u00a8.<\/p>\n\n\n\n<p>Tales encubrimientos impiden, dijeron, un desarrollo arm\u00f3nico e integral, donde todos los sectores del pa\u00eds puedan beneficiarse de los resultados que a mediano plazo ser\u00e1n derivados de esta reforma\u00bb.<\/p>\n\n\n\n<p>Expresaron su seguridad en que la mayor\u00eda con que cuenta el PRM en el Congreso Nacional no ser\u00e1 utilizada para atropellar a nadie.<\/p>\n\n\n\n<p>M\u00e1s bien, precisaron, ser\u00e1n respetados los derechos adquiridos en cuanto a las exenciones e incentivos que favorecen a inversionistas de diversos sectores\u00bb.<\/p>\n\n\n\n<p>Los dirigentes perreme\u00edstas exhortaron a los congresistas a estudiar con sentido de naci\u00f3n la pieza introducida y aportar una ley que corresponda a la estrategia nacional de desarrollo.<\/p>\n\n\n\n<p>&nbsp;Confiaron en que&nbsp;los legisladores interpretar\u00e1n la coyuntura, social y econ\u00f3mica del pa\u00eds y la valent\u00eda y voluntad pol\u00edtica de Abinader al enfrentar con responsabilidad lo que evadieron otros gobernantes.<\/p>\n","protected":false},"excerpt":{"rendered":"&nbsp;El Partido Revolucionario Moderno (PRM) en Santo Domingo Norte ponder\u00f3 las sugerencias de diferentes sectores sociales sobre el proyecto de reforma y modernizaci\u00f3n fiscal. El Comit\u00e9 Municipal del PRM calific\u00f3 de atinada y sensata la postura del presidente Lu\u00eds Abinader de que sean escuchadas las propuestas a los cambios depositados por el Ejecutivo ante el [&hellip;]","protected":false},"author":6,"featured_media":4136,"comment_status":"open","ping_status":"open","sticky":false,"template":"","format":"standard","meta":{"_uag_custom_page_level_css":"","episode_type":"audio","audio_file":"","podmotor_file_id":"","podmotor_episode_id":"","cover_image":"","cover_image_id":"","duration":"","filesize":"","filesize_raw":"","date_recorded":"","explicit":"","block":"","itunes_episode_number":"","itunes_title":"","itunes_season_number":"","itunes_episode_type":"","_jet_sm_ready_style":"","_jet_sm_style":"","_jet_sm_controls_values":"","_jet_sm_fonts_collection":"","_jet_sm_fonts_links":"","_joinchat":[],"footnotes":""},"categories":[1],"tags":[],"series":[],"class_list":["post-4133","post","type-post","status-publish","format-standard","has-post-thumbnail","hentry","category-blog"],"blocksy_meta":[],"episode_featured_image":"https:\/\/mayralapaz.com\/wp-content\/uploads\/2024\/10\/Isidro-Torres.jpg","episode_player_image":"https:\/\/mayralapaz.com\/wp-content\/plugins\/seriously-simple-podcasting\/assets\/images\/no-album-art.png","download_link":"","player_link":"","audio_player":false,"episode_data":{"playerMode":"light","subscribeUrls":{"apple_podcasts":{"key":"apple_podcasts","url":"","label":"Apple Podcasts","class":"apple_podcasts","icon":"apple-podcasts.png"},"stitcher":{"key":"stitcher","url":"","label":"Stitcher","class":"stitcher","icon":"stitcher.png"},"google_podcasts":{"key":"google_podcasts","url":"","label":"Google Podcasts","class":"google_podcasts","icon":"google-podcasts.png"},"spotify":{"key":"spotify","url":"","label":"Spotify","class":"spotify","icon":"spotify.png"}},"rssFeedUrl":"https:\/\/mayralapaz.com\/feed\/podcast\/mayra-la-paz","embedCode":"<blockquote class=\"wp-embedded-content\" data-secret=\"dtNoLa22jk\"><a href=\"https:\/\/mayralapaz.com\/index.php\/2024\/10\/18\/partido-de-gobierno-pondera-las-propuestas-sociales-sobre-reforma-fiscal\/\">Partido de gobierno pondera las propuestas sociales sobre reforma fiscal<\/a><\/blockquote><iframe sandbox=\"allow-scripts\" security=\"restricted\" src=\"https:\/\/mayralapaz.com\/index.php\/2024\/10\/18\/partido-de-gobierno-pondera-las-propuestas-sociales-sobre-reforma-fiscal\/embed\/#?secret=dtNoLa22jk\" width=\"500\" height=\"350\" title=\"\u00abPartido de gobierno pondera las propuestas sociales sobre reforma fiscal\u00bb \u2014 Mayra La Paz\" data-secret=\"dtNoLa22jk\" frameborder=\"0\" marginwidth=\"0\" marginheight=\"0\" scrolling=\"no\" class=\"wp-embedded-content\"><\/iframe><script>\n\/*! This file is auto-generated *\/\n!function(d,l){\"use strict\";l.querySelector&&d.addEventListener&&\"undefined\"!=typeof URL&&(d.wp=d.wp||{},d.wp.receiveEmbedMessage||(d.wp.receiveEmbedMessage=function(e){var t=e.data;if((t||t.secret||t.message||t.value)&&!\/[^a-zA-Z0-9]\/.test(t.secret)){for(var s,r,n,a=l.querySelectorAll('iframe[data-secret=\"'+t.secret+'\"]'),o=l.querySelectorAll('blockquote[data-secret=\"'+t.secret+'\"]'),c=new RegExp(\"^https?:$\",\"i\"),i=0;i<o.length;i++)o[i].style.display=\"none\";for(i=0;i<a.length;i++)s=a[i],e.source===s.contentWindow&&(s.removeAttribute(\"style\"),\"height\"===t.message?(1e3<(r=parseInt(t.value,10))?r=1e3:~~r<200&&(r=200),s.height=r):\"link\"===t.message&&(r=new URL(s.getAttribute(\"src\")),n=new URL(t.value),c.test(n.protocol))&&n.host===r.host&&l.activeElement===s&&(d.top.location.href=t.value))}},d.addEventListener(\"message\",d.wp.receiveEmbedMessage,!1),l.addEventListener(\"DOMContentLoaded\",function(){for(var e,t,s=l.querySelectorAll(\"iframe.wp-embedded-content\"),r=0;r<s.length;r++)(t=(e=s[r]).getAttribute(\"data-secret\"))||(t=Math.random().toString(36).substring(2,12),e.src+=\"#?secret=\"+t,e.setAttribute(\"data-secret\",t)),e.contentWindow.postMessage({message:\"ready\",secret:t},\"*\")},!1)))}(window,document);\n<\/script>\n"},"uagb_featured_image_src":{"full":["https:\/\/mayralapaz.com\/wp-content\/uploads\/2024\/10\/Isidro-Torres.jpg",825,589,false],"thumbnail":["https:\/\/mayralapaz.com\/wp-content\/uploads\/2024\/10\/Isidro-Torres-250x250.jpg",250,250,true],"medium":["https:\/\/mayralapaz.com\/wp-content\/uploads\/2024\/10\/Isidro-Torres-300x214.jpg",300,214,true],"medium_large":["https:\/\/mayralapaz.com\/wp-content\/uploads\/2024\/10\/Isidro-Torres-768x548.jpg",768,548,true],"large":["https:\/\/mayralapaz.com\/wp-content\/uploads\/2024\/10\/Isidro-Torres.jpg",825,589,false],"1536x1536":["https:\/\/mayralapaz.com\/wp-content\/uploads\/2024\/10\/Isidro-Torres.jpg",825,589,false],"2048x2048":["https:\/\/mayralapaz.com\/wp-content\/uploads\/2024\/10\/Isidro-Torres.jpg",825,589,false],"woocommerce_archive_thumbnail":["https:\/\/mayralapaz.com\/wp-content\/uploads\/2024\/10\/Isidro-Torres-500x500.jpg",500,500,true],"woocommerce_thumbnail":["https:\/\/mayralapaz.com\/wp-content\/uploads\/2024\/10\/Isidro-Torres-300x300.jpg",300,300,true],"woocommerce_single":["https:\/\/mayralapaz.com\/wp-content\/uploads\/2024\/10\/Isidro-Torres-600x428.jpg",600,428,true],"woocommerce_gallery_thumbnail":["https:\/\/mayralapaz.com\/wp-content\/uploads\/2024\/10\/Isidro-Torres-100x100.jpg",100,100,true]},"uagb_author_info":{"display_name":"Por la Redacci\u00f3n","author_link":"https:\/\/mayralapaz.com\/index.php\/author\/mayra\/"},"uagb_comment_info":1,"uagb_excerpt":"&nbsp;El Partido Revolucionario Moderno (PRM) en Santo Domingo Norte ponder\u00f3 las sugerencias de diferentes sectores sociales sobre el proyecto de reforma y modernizaci\u00f3n fiscal. El Comit\u00e9 Municipal del PRM calific\u00f3 de atinada y sensata la postura del presidente Lu\u00eds Abinader de que sean escuchadas las propuestas a los cambios depositados por el Ejecutivo ante el&hellip;","_links":{"self":[{"href":"https:\/\/mayralapaz.com\/index.php\/wp-json\/wp\/v2\/posts\/4133","targetHints":{"allow":["GET"]}}],"collection":[{"href":"https:\/\/mayralapaz.com\/index.php\/wp-json\/wp\/v2\/posts"}],"about":[{"href":"https:\/\/mayralapaz.com\/index.php\/wp-json\/wp\/v2\/types\/post"}],"author":[{"embeddable":true,"href":"https:\/\/mayralapaz.com\/index.php\/wp-json\/wp\/v2\/users\/6"}],"replies":[{"embeddable":true,"href":"https:\/\/mayralapaz.com\/index.php\/wp-json\/wp\/v2\/comments?post=4133"}],"version-history":[{"count":1,"href":"https:\/\/mayralapaz.com\/index.php\/wp-json\/wp\/v2\/posts\/4133\/revisions"}],"predecessor-version":[{"id":4137,"href":"https:\/\/mayralapaz.com\/index.php\/wp-json\/wp\/v2\/posts\/4133\/revisions\/4137"}],"wp:featuredmedia":[{"embeddable":true,"href":"https:\/\/mayralapaz.com\/index.php\/wp-json\/wp\/v2\/media\/4136"}],"wp:attachment":[{"href":"https:\/\/mayralapaz.com\/index.php\/wp-json\/wp\/v2\/media?parent=4133"}],"wp:term":[{"taxonomy":"category","embeddable":true,"href":"https:\/\/mayralapaz.com\/index.php\/wp-json\/wp\/v2\/categories?post=4133"},{"taxonomy":"post_tag","embeddable":true,"href":"https:\/\/mayralapaz.com\/index.php\/wp-json\/wp\/v2\/tags?post=4133"},{"taxonomy":"series","embeddable":true,"href":"https:\/\/mayralapaz.com\/index.php\/wp-json\/wp\/v2\/series?post=4133"}],"curies":[{"name":"wp","href":"https:\/\/api.w.org\/{rel}","templated":true}]}}