{"id":4124,"date":"2024-10-18T13:37:00","date_gmt":"2024-10-18T17:37:00","guid":{"rendered":"https:\/\/mayralapaz.com\/?p=4124"},"modified":"2024-10-18T13:40:18","modified_gmt":"2024-10-18T17:40:18","slug":"asociacion-de-bancos-advierte-sobre-gravamen-a-ahorrantes","status":"publish","type":"post","link":"https:\/\/mayralapaz.com\/index.php\/2024\/10\/18\/asociacion-de-bancos-advierte-sobre-gravamen-a-ahorrantes\/","title":{"rendered":"Asociaci\u00f3n de Bancos advierte sobre gravamen a ahorrantes"},"content":{"rendered":"\n<p>La Asociaci\u00f3n de Bancos de Ahorro y Cr\u00e9dito y Corporaciones de Cr\u00e9dito (ABANCORD) manifest\u00f3 preocupaci\u00f3n por la carga tributaria que la reforma fiscal impondr\u00eda a los ahorrantes en la Rep\u00fablica Dominicana.<\/p>\n\n\n\n<p>Su presidenta, Cristina De Castro, advirti\u00f3 que un gravamen mayor podr\u00eda desincentivar esa iniciativa personal y, por consiguiente, afectar el crecimiento econ\u00f3mico del pa\u00eds.<\/p>\n\n\n\n<p>Alert\u00f3 que un impuesto sobre los intereses, que ya pagan un 10%, desestimula esta pr\u00e1ctica.<\/p>\n\n\n\n<p><strong>VITAL PARA EL SISTEMA FINANCIERO.<\/strong><\/p>\n\n\n\n<p>Indic\u00f3 que las reservas de los ciudadanos representan la base sobre la cual nacen las inversiones que promueven el desarrollo sostenible.<\/p>\n\n\n\n<p>De Castro tambi\u00e9n consider\u00f3 que el ahorro es fundamental para el fortalecimiento del sistema financiero.<\/p>\n\n\n\n<p>Alert\u00f3 sobre el potencial impacto del cambio fiscal propuesto en la calidad de la cartera de cr\u00e9dito financiero con la eventual subida de los precios, pues ser\u00e1 dif\u00edcil para los clientes saldar sus adeudos.<\/p>\n\n\n\n<p><strong>RECONOCE AMBIENTE DE DI\u00c1LOGO<\/strong><\/p>\n\n\n\n<p>A su vez, reconoci\u00f3 el ambiente de di\u00e1logo promovido por el Gobierno y el Congreso, y expres\u00f3 optimismo sobre una eventual revisi\u00f3n de los aspectos que podr\u00edan tener un golpe adverso en la econom\u00eda.<\/p>\n\n\n\n<p>Confi\u00f3 en que en las vistas p\u00fablicas y el proceso de discusi\u00f3n en el Legislativo consideren la eliminaci\u00f3n de medidas que desalienten el ahorro.<\/p>\n\n\n\n<p>La Asociaci\u00f3n reiter\u00f3 su disposici\u00f3n de colaborar en este proceso con argumentos t\u00e9cnicos, sustentados en el conocimiento del sector financiero.<\/p>\n","protected":false},"excerpt":{"rendered":"La Asociaci\u00f3n de Bancos de Ahorro y Cr\u00e9dito y Corporaciones de Cr\u00e9dito (ABANCORD) manifest\u00f3 preocupaci\u00f3n por la carga tributaria que la reforma fiscal impondr\u00eda a los ahorrantes en la Rep\u00fablica Dominicana. Su presidenta, Cristina De Castro, advirti\u00f3 que un gravamen mayor podr\u00eda desincentivar esa iniciativa personal y, por consiguiente, afectar el crecimiento econ\u00f3mico del pa\u00eds. [&hellip;]","protected":false},"author":6,"featured_media":4125,"comment_status":"open","ping_status":"open","sticky":false,"template":"","format":"standard","meta":{"_uag_custom_page_level_css":"","episode_type":"audio","audio_file":"","podmotor_file_id":"","podmotor_episode_id":"","cover_image":"","cover_image_id":"","duration":"","filesize":"","filesize_raw":"","date_recorded":"","explicit":"","block":"","itunes_episode_number":"","itunes_title":"","itunes_season_number":"","itunes_episode_type":"","_jet_sm_ready_style":"","_jet_sm_style":"","_jet_sm_controls_values":"","_jet_sm_fonts_collection":"","_jet_sm_fonts_links":"","_joinchat":[],"footnotes":""},"categories":[35],"tags":[],"series":[],"class_list":["post-4124","post","type-post","status-publish","format-standard","has-post-thumbnail","hentry","category-que-pasa-rd"],"blocksy_meta":[],"episode_featured_image":"https:\/\/mayralapaz.com\/wp-content\/uploads\/2024\/10\/banqueros.png","episode_player_image":"https:\/\/mayralapaz.com\/wp-content\/plugins\/seriously-simple-podcasting\/assets\/images\/no-album-art.png","download_link":"","player_link":"","audio_player":false,"episode_data":{"playerMode":"light","subscribeUrls":{"apple_podcasts":{"key":"apple_podcasts","url":"","label":"Apple Podcasts","class":"apple_podcasts","icon":"apple-podcasts.png"},"stitcher":{"key":"stitcher","url":"","label":"Stitcher","class":"stitcher","icon":"stitcher.png"},"google_podcasts":{"key":"google_podcasts","url":"","label":"Google Podcasts","class":"google_podcasts","icon":"google-podcasts.png"},"spotify":{"key":"spotify","url":"","label":"Spotify","class":"spotify","icon":"spotify.png"}},"rssFeedUrl":"https:\/\/mayralapaz.com\/feed\/podcast\/mayra-la-paz","embedCode":"<blockquote class=\"wp-embedded-content\" data-secret=\"8oN4vcyq5L\"><a href=\"https:\/\/mayralapaz.com\/index.php\/2024\/10\/18\/asociacion-de-bancos-advierte-sobre-gravamen-a-ahorrantes\/\">Asociaci\u00f3n de Bancos advierte sobre gravamen a ahorrantes<\/a><\/blockquote><iframe sandbox=\"allow-scripts\" security=\"restricted\" src=\"https:\/\/mayralapaz.com\/index.php\/2024\/10\/18\/asociacion-de-bancos-advierte-sobre-gravamen-a-ahorrantes\/embed\/#?secret=8oN4vcyq5L\" width=\"500\" height=\"350\" title=\"\u00abAsociaci\u00f3n de Bancos advierte sobre gravamen a ahorrantes\u00bb \u2014 Mayra La Paz\" data-secret=\"8oN4vcyq5L\" frameborder=\"0\" marginwidth=\"0\" marginheight=\"0\" scrolling=\"no\" class=\"wp-embedded-content\"><\/iframe><script>\n\/*! This file is auto-generated *\/\n!function(d,l){\"use strict\";l.querySelector&&d.addEventListener&&\"undefined\"!=typeof URL&&(d.wp=d.wp||{},d.wp.receiveEmbedMessage||(d.wp.receiveEmbedMessage=function(e){var t=e.data;if((t||t.secret||t.message||t.value)&&!\/[^a-zA-Z0-9]\/.test(t.secret)){for(var s,r,n,a=l.querySelectorAll('iframe[data-secret=\"'+t.secret+'\"]'),o=l.querySelectorAll('blockquote[data-secret=\"'+t.secret+'\"]'),c=new RegExp(\"^https?:$\",\"i\"),i=0;i<o.length;i++)o[i].style.display=\"none\";for(i=0;i<a.length;i++)s=a[i],e.source===s.contentWindow&&(s.removeAttribute(\"style\"),\"height\"===t.message?(1e3<(r=parseInt(t.value,10))?r=1e3:~~r<200&&(r=200),s.height=r):\"link\"===t.message&&(r=new URL(s.getAttribute(\"src\")),n=new URL(t.value),c.test(n.protocol))&&n.host===r.host&&l.activeElement===s&&(d.top.location.href=t.value))}},d.addEventListener(\"message\",d.wp.receiveEmbedMessage,!1),l.addEventListener(\"DOMContentLoaded\",function(){for(var e,t,s=l.querySelectorAll(\"iframe.wp-embedded-content\"),r=0;r<s.length;r++)(t=(e=s[r]).getAttribute(\"data-secret\"))||(t=Math.random().toString(36).substring(2,12),e.src+=\"#?secret=\"+t,e.setAttribute(\"data-secret\",t)),e.contentWindow.postMessage({message:\"ready\",secret:t},\"*\")},!1)))}(window,document);\n<\/script>\n"},"uagb_featured_image_src":{"full":["https:\/\/mayralapaz.com\/wp-content\/uploads\/2024\/10\/banqueros.png",902,562,false],"thumbnail":["https:\/\/mayralapaz.com\/wp-content\/uploads\/2024\/10\/banqueros-250x250.png",250,250,true],"medium":["https:\/\/mayralapaz.com\/wp-content\/uploads\/2024\/10\/banqueros-300x187.png",300,187,true],"medium_large":["https:\/\/mayralapaz.com\/wp-content\/uploads\/2024\/10\/banqueros-768x479.png",768,479,true],"large":["https:\/\/mayralapaz.com\/wp-content\/uploads\/2024\/10\/banqueros.png",902,562,false],"1536x1536":["https:\/\/mayralapaz.com\/wp-content\/uploads\/2024\/10\/banqueros.png",902,562,false],"2048x2048":["https:\/\/mayralapaz.com\/wp-content\/uploads\/2024\/10\/banqueros.png",902,562,false],"woocommerce_archive_thumbnail":["https:\/\/mayralapaz.com\/wp-content\/uploads\/2024\/10\/banqueros-500x500.png",500,500,true],"woocommerce_thumbnail":["https:\/\/mayralapaz.com\/wp-content\/uploads\/2024\/10\/banqueros-300x300.png",300,300,true],"woocommerce_single":["https:\/\/mayralapaz.com\/wp-content\/uploads\/2024\/10\/banqueros-600x374.png",600,374,true],"woocommerce_gallery_thumbnail":["https:\/\/mayralapaz.com\/wp-content\/uploads\/2024\/10\/banqueros-100x100.png",100,100,true]},"uagb_author_info":{"display_name":"Por la Redacci\u00f3n","author_link":"https:\/\/mayralapaz.com\/index.php\/author\/mayra\/"},"uagb_comment_info":0,"uagb_excerpt":"La Asociaci\u00f3n de Bancos de Ahorro y Cr\u00e9dito y Corporaciones de Cr\u00e9dito (ABANCORD) manifest\u00f3 preocupaci\u00f3n por la carga tributaria que la reforma fiscal impondr\u00eda a los ahorrantes en la Rep\u00fablica Dominicana. Su presidenta, Cristina De Castro, advirti\u00f3 que un gravamen mayor podr\u00eda desincentivar esa iniciativa personal y, por consiguiente, afectar el crecimiento econ\u00f3mico del pa\u00eds.&hellip;","_links":{"self":[{"href":"https:\/\/mayralapaz.com\/index.php\/wp-json\/wp\/v2\/posts\/4124","targetHints":{"allow":["GET"]}}],"collection":[{"href":"https:\/\/mayralapaz.com\/index.php\/wp-json\/wp\/v2\/posts"}],"about":[{"href":"https:\/\/mayralapaz.com\/index.php\/wp-json\/wp\/v2\/types\/post"}],"author":[{"embeddable":true,"href":"https:\/\/mayralapaz.com\/index.php\/wp-json\/wp\/v2\/users\/6"}],"replies":[{"embeddable":true,"href":"https:\/\/mayralapaz.com\/index.php\/wp-json\/wp\/v2\/comments?post=4124"}],"version-history":[{"count":2,"href":"https:\/\/mayralapaz.com\/index.php\/wp-json\/wp\/v2\/posts\/4124\/revisions"}],"predecessor-version":[{"id":4127,"href":"https:\/\/mayralapaz.com\/index.php\/wp-json\/wp\/v2\/posts\/4124\/revisions\/4127"}],"wp:featuredmedia":[{"embeddable":true,"href":"https:\/\/mayralapaz.com\/index.php\/wp-json\/wp\/v2\/media\/4125"}],"wp:attachment":[{"href":"https:\/\/mayralapaz.com\/index.php\/wp-json\/wp\/v2\/media?parent=4124"}],"wp:term":[{"taxonomy":"category","embeddable":true,"href":"https:\/\/mayralapaz.com\/index.php\/wp-json\/wp\/v2\/categories?post=4124"},{"taxonomy":"post_tag","embeddable":true,"href":"https:\/\/mayralapaz.com\/index.php\/wp-json\/wp\/v2\/tags?post=4124"},{"taxonomy":"series","embeddable":true,"href":"https:\/\/mayralapaz.com\/index.php\/wp-json\/wp\/v2\/series?post=4124"}],"curies":[{"name":"wp","href":"https:\/\/api.w.org\/{rel}","templated":true}]}}